{"id":76511,"date":"2024-11-20T01:08:00","date_gmt":"2024-11-20T04:08:00","guid":{"rendered":"https:\/\/conurbanodiario.com.ar\/?p=76511"},"modified":"2024-12-03T21:01:10","modified_gmt":"2024-12-04T00:01:10","slug":"un-varelense-multiple-medallista-panamericano-de-natacion","status":"publish","type":"post","link":"https:\/\/conurbanodiario.com.ar\/?p=76511","title":{"rendered":"UN VARELENSE, M\u00daLTIPLE MEDALLISTA PANAMERICANO DE NATACI\u00d3N"},"content":{"rendered":"\n<p>Sebasti\u00e1n Galleguillo, oriundo de La Capilla, obtuvo tres preseas en los 6\u00b0 Juegos Panamericanos de sordos realizados en la ciudad brasile\u00f1a de Canoas del 10 al 17 de noviembre.<\/p>\n\n\n\n<p>El nadador ocup\u00f3 el segundo puesto en el podio de las distancias de 100 y 200 metros estilo pecho, mientras que recibi\u00f3 la condecoraci\u00f3n de bronce en los 200 metros medley.<\/p>\n\n\n\n<p>Sobre su primera participaci\u00f3n en la competencia, el deportista afirm\u00f3: \u201cNo me dej\u00e9 llevar por los nervios. Me sent\u00ed c\u00f3modo y a gusto con mi rendimiento. Conoc\u00ed el nivel de Am\u00e9rica en esta disciplina\u201d.<\/p>\n\n\n\n<p>El atleta comenz\u00f3 a nadar cuando ten\u00eda doce a\u00f1os en el Polideportivo Municipal \u201cLa Patriada\u201d, del barrio Santa Rosa. Desde entonces, compiti\u00f3 en torneos a escala provincial, nacional e internacional como los Juegos Bonaerenses o el Mundial de Nataci\u00f3n.<\/p>\n\n\n\n<p>\u201cPor este a\u00f1o, termin\u00e9\u201d, anunci\u00f3 el joven. Remarc\u00f3 \u201cla importancia de descansar para evitar lesiones y seguir el entrenamiento sin dificultades\u201d.<\/p>\n","protected":false},"excerpt":{"rendered":"<p>Sebasti\u00e1n Galleguillo, oriundo de La Capilla, obtuvo tres preseas en los 6\u00b0 Juegos Panamericanos de&#8230;<\/p>\n","protected":false},"author":1,"featured_media":76512,"comment_status":"closed","ping_status":"closed","sticky":false,"template":"","format":"standard","meta":{"footnotes":""},"categories":[32],"tags":[],"class_list":["post-76511","post","type-post","status-publish","format-standard","has-post-thumbnail","hentry","category-deportes"],"_links":{"self":[{"href":"https:\/\/conurbanodiario.com.ar\/index.php?rest_route=\/wp\/v2\/posts\/76511","targetHints":{"allow":["GET"]}}],"collection":[{"href":"https:\/\/conurbanodiario.com.ar\/index.php?rest_route=\/wp\/v2\/posts"}],"about":[{"href":"https:\/\/conurbanodiario.com.ar\/index.php?rest_route=\/wp\/v2\/types\/post"}],"author":[{"embeddable":true,"href":"https:\/\/conurbanodiario.com.ar\/index.php?rest_route=\/wp\/v2\/users\/1"}],"replies":[{"embeddable":true,"href":"https:\/\/conurbanodiario.com.ar\/index.php?rest_route=%2Fwp%2Fv2%2Fcomments&post=76511"}],"version-history":[{"count":1,"href":"https:\/\/conurbanodiario.com.ar\/index.php?rest_route=\/wp\/v2\/posts\/76511\/revisions"}],"predecessor-version":[{"id":76513,"href":"https:\/\/conurbanodiario.com.ar\/index.php?rest_route=\/wp\/v2\/posts\/76511\/revisions\/76513"}],"wp:featuredmedia":[{"embeddable":true,"href":"https:\/\/conurbanodiario.com.ar\/index.php?rest_route=\/wp\/v2\/media\/76512"}],"wp:attachment":[{"href":"https:\/\/conurbanodiario.com.ar\/index.php?rest_route=%2Fwp%2Fv2%2Fmedia&parent=76511"}],"wp:term":[{"taxonomy":"category","embeddable":true,"href":"https:\/\/conurbanodiario.com.ar\/index.php?rest_route=%2Fwp%2Fv2%2Fcategories&post=76511"},{"taxonomy":"post_tag","embeddable":true,"href":"https:\/\/conurbanodiario.com.ar\/index.php?rest_route=%2Fwp%2Fv2%2Ftags&post=76511"}],"curies":[{"name":"wp","href":"https:\/\/api.w.org\/{rel}","templated":true}]}}