{"id":76256,"date":"2024-10-16T16:31:41","date_gmt":"2024-10-16T19:31:41","guid":{"rendered":"https:\/\/conurbanodiario.com.ar\/?p=76256"},"modified":"2024-10-16T16:53:32","modified_gmt":"2024-10-16T19:53:32","slug":"katopodis-acusa-a-milei-de-aplicar-politicas-crueles-y-llama-a-un-apagon-nacional","status":"publish","type":"post","link":"https:\/\/conurbanodiario.com.ar\/?p=76256","title":{"rendered":"KATOPODIS ACUSA A MILEI DE APLICAR POL\u00cdTICAS &#8220;CRUELES&#8221; Y LLAMA A UN APAG\u00d3N NACIONAL"},"content":{"rendered":"\n<p>El ministro bonaerense Gabriel Katopodis convoca a los argentinos a un apag\u00f3n nacional el 31 de octubre, en rechazo a los tarifazos del gobierno de Milei.<\/p>\n\n\n\n<p>En un contexto de creciente malestar social por los aumentos de tarifas impulsados por el gobierno de Javier Milei, Katopodis convoc\u00f3 desde las redes sociales y en las calles a un apag\u00f3n nacional para el 31 de octubre, de 21 a 21:10 horas.<\/p>\n\n\n\n<p>\u00abEn ciudades de todo el pa\u00eds comenz\u00f3 la campa\u00f1a para que este 31 de octubre, de 21 a 21.10 hs, todos los argentinos y argentinas apaguemos la luz\u00bb, expres\u00f3 el ministro en sus redes.<\/p>\n\n\n\n<p>El apag\u00f3n busca ser un mensaje contundente contra los tarifazos y un reclamo por tarifas justas. Katopodis mencion\u00f3 que sectores diversos, como PyMEs, clubes, universidades, comerciantes y jubilados, se han sumado a esta iniciativa.<\/p>\n\n\n\n<p>\u00abNos convocan a ponerle un l\u00edmite a la crueldad de este gobierno y a reclamar #TarifasJustas\u00bb, enfatiz\u00f3.<\/p>\n\n\n\n<h2 class=\"wp-block-heading\"><strong>Katopodis pone foco en los entramados productivos y la econom\u00eda solidaria<\/strong><\/h2>\n\n\n\n<p>El ministro de Infraestructura bonaerense, Gabriel Katopodis, mantuvo un encuentro de Infraestructura para la Soberan\u00eda Alimentaria junto a Oscar Mintegu\u00eda, cooperativistas, organizaciones productivas y sociales, universidades y gobierno locales.<\/p>\n\n\n\n<p>\u00abUna jornada para fortalecer los entramados productivos y la econom\u00eda solidaria en la Provincia de Buenos Aires, como parte de un Plan Integral de obras para la producci\u00f3n local, el desarrollo agroindustrial, la comercializaci\u00f3n, la conectividad y la log\u00edstica\u00bb, cont\u00f3 en sus redes.<\/p>\n\n\n\n<p>Katopodis dijo que \u00abEl proyecto de esta Provincia se tiene que cruzar todos los d\u00edas con la vida cotidiana de la gente. Para eso gobernamos\u00bb.<\/p>\n\n\n\n<h2 class=\"wp-block-heading\"><strong>Katopodis apunt\u00f3 contra \u00abla crueldad\u00bb del gobierno nacional<\/strong><\/h2>\n\n\n\n<p>Por otro lado, acompa\u00f1\u00f3 a Daniela Vilar (ministra de Ambiernte bonaerense), Florencia Saintout (titular del Instituto Cultural de la provincia) y Germ\u00e1n Antonio G\u00f3mez Polo (C\u00f3nsul de Colombia) en el evento previo a la COP de la ONU sobre biodiversidad.&nbsp;<\/p>\n\n\n\n<p>\u00abUna jornada para generar espacios de participaci\u00f3n, intercambio y sensibilizaci\u00f3n\u00bb, dijo Katopodis.&nbsp;<\/p>\n\n\n\n<p>Y cuestion\u00f3 a Milei: \u00abFrente a un Gobierno Nacional que va reduciendo las pol\u00edticas, programas y recursos para enfrentar los desaf\u00edos en t\u00e9rminos ambientales, la Provincia de Buenos Aires va a seguir teniendo una presencia muy decidida en la defensa del desarrollo sostenible y del ordenamiento ambiental territorial que necesita nuestra regi\u00f3n\u00bb.<\/p>\n\n\n\n<p>En Infraestructura, dijo Katopodis, \u00e9ste seguir\u00e1 siendo un eje transversal en el dise\u00f1o y la implementaci\u00f3n de las obras p\u00fablicas.<\/p>\n","protected":false},"excerpt":{"rendered":"<p>El ministro bonaerense Gabriel Katopodis convoca a los argentinos a un apag\u00f3n nacional el 31&#8230;<\/p>\n","protected":false},"author":1,"featured_media":76257,"comment_status":"closed","ping_status":"closed","sticky":false,"template":"","format":"standard","meta":{"footnotes":""},"categories":[35],"tags":[],"class_list":["post-76256","post","type-post","status-publish","format-standard","has-post-thumbnail","hentry","category-politica"],"_links":{"self":[{"href":"https:\/\/conurbanodiario.com.ar\/index.php?rest_route=\/wp\/v2\/posts\/76256","targetHints":{"allow":["GET"]}}],"collection":[{"href":"https:\/\/conurbanodiario.com.ar\/index.php?rest_route=\/wp\/v2\/posts"}],"about":[{"href":"https:\/\/conurbanodiario.com.ar\/index.php?rest_route=\/wp\/v2\/types\/post"}],"author":[{"embeddable":true,"href":"https:\/\/conurbanodiario.com.ar\/index.php?rest_route=\/wp\/v2\/users\/1"}],"replies":[{"embeddable":true,"href":"https:\/\/conurbanodiario.com.ar\/index.php?rest_route=%2Fwp%2Fv2%2Fcomments&post=76256"}],"version-history":[{"count":2,"href":"https:\/\/conurbanodiario.com.ar\/index.php?rest_route=\/wp\/v2\/posts\/76256\/revisions"}],"predecessor-version":[{"id":76259,"href":"https:\/\/conurbanodiario.com.ar\/index.php?rest_route=\/wp\/v2\/posts\/76256\/revisions\/76259"}],"wp:featuredmedia":[{"embeddable":true,"href":"https:\/\/conurbanodiario.com.ar\/index.php?rest_route=\/wp\/v2\/media\/76257"}],"wp:attachment":[{"href":"https:\/\/conurbanodiario.com.ar\/index.php?rest_route=%2Fwp%2Fv2%2Fmedia&parent=76256"}],"wp:term":[{"taxonomy":"category","embeddable":true,"href":"https:\/\/conurbanodiario.com.ar\/index.php?rest_route=%2Fwp%2Fv2%2Fcategories&post=76256"},{"taxonomy":"post_tag","embeddable":true,"href":"https:\/\/conurbanodiario.com.ar\/index.php?rest_route=%2Fwp%2Fv2%2Ftags&post=76256"}],"curies":[{"name":"wp","href":"https:\/\/api.w.org\/{rel}","templated":true}]}}