{"id":75952,"date":"2024-10-02T01:03:00","date_gmt":"2024-10-02T04:03:00","guid":{"rendered":"https:\/\/conurbanodiario.com.ar\/?p=75952"},"modified":"2024-10-06T19:17:51","modified_gmt":"2024-10-06T22:17:51","slug":"docentes-y-estudiantes-marcharon-al-congreso-para-pedirle-a-milei-que-promulgue-la-ley-de-financiamiento-educativo","status":"publish","type":"post","link":"https:\/\/conurbanodiario.com.ar\/?p=75952","title":{"rendered":"DOCENTES Y ESTUDIANTES MARCHARON AL CONGRESO PARA PEDIRLE A MILEI QUE &#8220;PROMULGUE&#8221; LA LEY DE FINANCIAMIENTO EDUCATIVO"},"content":{"rendered":"\n<p>Docentes, no docentes y estudiantes marcharon hoy al Congreso para pedirle al presidente Javier Milei que \u00abpromulgue\u00bb la ley de Financiamiento Universitario y que \u00abreconsidere\u00bb el proyecto de Presupuesto 2025.<\/p>\n\n\n\n<p>\u00abLos estudiantes de toda la Argentina le pedimos, en un grito de auxilio para salvar al sistema: \u00a1promulgue la Ley de Financiamiento universitario!\u00bb, manifest\u00f3 la presidenta de la Federaci\u00f3n Universitaria Argentina (FUA), Piera Fern\u00e1ndez de Piccoli, quien se encarg\u00f3 de leer el documento con el que cerr\u00f3 la multitudinaria Marcha Federal en todo el pa\u00eds, y que tuvo como epicentro la Plaza Congreso.<\/p>\n\n\n\n<p>El texto, al que tambi\u00e9n suscribieron Frente Sindical de Universidades Nacionales y el Consejo Interuniversitario Nacional (CIN), se\u00f1al\u00f3 que con la norma aprobada por el Congreso el Presidente \u00abtiene al alcance de su mano una ley razonable que resuelve los problemas, cuidando al Estado y a su econom\u00eda\u00bb.<\/p>\n\n\n\n<p>Asimismo, la comunidad universitaria le \u00abexigi\u00f3\u00bb al jefe de Estado que \u00abreconsidere\u00bb el proyecto de Presupuesto 2025, al advertir que \u00absi no se modifica, la situaci\u00f3n de las universidades y del sistema cient\u00edfico ser\u00e1 mucho m\u00e1s grave que la que atravesamos hoy. Lo que estar\u00e1 en juego es su continuidad\u00bb.<\/p>\n\n\n\n<p>\u00abEs un error entender como un gasto y no como una inversi\u00f3n lo que el Estado destina a educaci\u00f3n, universidades y desarrollo cient\u00edfico\u00bb, advirti\u00f3 el manifiesto de las casas de altos estudios.<\/p>\n\n\n\n<p>Y enfatiz\u00f3 que \u00abcon la misma fuerza y claridad que lo dimos en abril, estudiantes de todo el sistema universitario reiteramos: no queremos que nos arrebaten nuestros sue\u00f1os, nuestro futuro no les pertenece\u00bb.<\/p>\n\n\n\n<p>\u00abLa universidad no es el problema, es parte de la soluci\u00f3n\u00bb, fue el lema que utiliz\u00f3 la comunidad educativa para rechazar el recorte presupuestario que instrument\u00f3 el gobierno libertario.<\/p>\n\n\n\n<p>El acto central de la Marcha Federal Universitaria se realiz\u00f3 pasadas las 17 en la plaza del Congreso, con r\u00e9plicas en las principales ciudades de todas las provincias del pa\u00eds.<\/p>\n\n\n\n<p>Durante la previa de la jornada de protesta, dirigentes del arco pol\u00edtico opositor manifestaron su respaldo al reclamo de fondos por parte de las universidades.<\/p>\n\n\n\n<p>Una de ellas fue la ex presidenta Cristina Kirchner, quien destac\u00f3 que la educaci\u00f3n p\u00fablica y gratuita garantiz\u00f3 el \u00abascenso social que nos permiti\u00f3 ser una Argentina diferente\u00bb y que, dijo, \u00abvamos a volver a conquistar\u00bb.<\/p>\n\n\n\n<p>\u00abSoy hija y tributaria de la universidad p\u00fablica, nacional y gratuita\u00bb, destac\u00f3 la ex mandataria al ingresar al Instituto Patria, ubicado a metros del Congreso, donde a las 17 se concentrar\u00e1 la movilizaci\u00f3n estudiantil.<\/p>\n\n\n\n<p>Tambi\u00e9n se sum\u00f3 a la movilizaci\u00f3n el ex candidato presidencial de Uni\u00f3n por la Patria (UxP) Sergio Massa, y dijo estar \u00abconvencido\u00bb de que \u00abno hay nada m\u00e1s movilizador que la universidad p\u00fablica\u00bb.<\/p>\n\n\n\n<p>En unas breves declaraciones al canal La Naci\u00f3n+, el referente del Frente Renovador sostuvo que la educaci\u00f3n universitaria p\u00fablica \u00abes la mejor herramienta para la movilidad social ascendente\u00bb.<\/p>\n\n\n\n<p>Adem\u00e1s, por el lado de la UCR se hizo presente el senador por la provincia de Buenos Aires Maximiliano Abad, quien celebr\u00f3 que una \u00abmultitud\u00bb haya salido a \u00abdefender su derecho a aprender, ense\u00f1ar y progresar en una Argentina que invierta en el futuro\u00bb.<\/p>\n\n\n\n<p>\u00abEs mucho m\u00e1s que una movilizaci\u00f3n sectorial, es la declaraci\u00f3n de principios de un pueblo unido: la educaci\u00f3n no se veta\u00bb, subray\u00f3 el legislador en declaraciones a la prensa.<\/p>\n\n\n\n<p>Participaron tambi\u00e9n dirigentes de diferentes sectores como Elisa Carri\u00f3, Margarita Stolbizer, Mart\u00edn Lousteau, Facundo Manes y Horacio Rodr\u00edguez Larreta, entre otros.<\/p>\n\n\n\n<p>Por su parte, en la previa de la masiva movilizaci\u00f3n, el rector de la Universidad de Buenos Aires (UBA), Ricardo Gelpi, hab\u00eda calificado como rid\u00edculas la acusaci\u00f3n del secretario de Educaci\u00f3n, Carlos Torrendell, a las casas de altos estudios por supuestamente \u00abinventar\u00bb alumnos.<\/p>\n\n\n\n<p>\u00abCon todo respeto, eso es una cosa rid\u00edcula. Yo lo respeto mucho a Torrendell. Lo respeto mucho como educador, como persona, pero creo que es una cosa que se dijo para evitar la marcha de hoy\u00bb, expreso Gelpi en di\u00e1logo con radio Rivadavia.<\/p>\n\n\n\n<p>La disputa entre el Ejecutivo y las universidades ven\u00eda increment\u00e1ndose desde la semana pasada, cuando docentes y no docentes de la Universidad de Buenos Aires (UBA) realizaron un paro por 48 horas en \u00abdefensa de su salario\u00bb y de la ley de Financiamiento Universitario.<\/p>\n\n\n\n<p>Tras una reuni\u00f3n en el Palacio Pizzurno, donde funciona la Secretar\u00eda de Educaci\u00f3n, los gremios hab\u00edan rechazado el ofrecimiento del Ministerio de Capital Humano de un \u00ab5,8% adicional en octubre\u00bb, que hab\u00eda sido calificado como \u00abhist\u00f3rico\u00bb por esa cartera.<\/p>\n\n\n\n<p>La Marcha Federal Universitaria tuvo, a su vez, el respaldo de la CGT, que form\u00f3 parte de la protesta en \u00abdefensa de la educaci\u00f3n y la universidad p\u00fablica\u00bb.<\/p>\n\n\n\n<p>Antes de jornada de protesta, el Ministerio de Capital Humano hab\u00eda dado cuenta de todas las alternativas que barajaron para desactivar la movilizaci\u00f3n de la comunidad universitaria y se\u00f1alaron que su \u00abobjetivo es lograr la claridad en el manejo de los recursos del Estado\u00bb.<\/p>\n\n\n\n<p>\u00abEl compromiso del Gobierno nacional con la universidad p\u00fablica se mantiene firme, priorizando la mejora del sistema educativo\u00bb, expres\u00f3 la cartera en la previa de la Marcha Federal, e hizo p\u00fablicos \u00absiete puntos clave\u00bb que el Ministerio destaca en relaci\u00f3n a la propuesta y al conflicto: entre ellos, el ofrecimiento del \u00ab6,8%\u00bb de aumento salarial adicional, que fue rechazado por los gremios.<\/p>\n\n\n\n<p>El conflicto entre las universidades y el Gobierno tuvo varios picos de tensi\u00f3n desde que asumi\u00f3 el gobierno libertario, pero uno de sus momentos m\u00e1s \u00e1lgidos fue la masiva movilizaci\u00f3n del pasado 23 de abril, cuando se manifestaron cientos de miles de personas en todo el pa\u00eds para respaldar el reclamo de las casas de altos estudios.<\/p>\n","protected":false},"excerpt":{"rendered":"<p>Docentes, no docentes y estudiantes marcharon hoy al Congreso para pedirle al presidente Javier Milei&#8230;<\/p>\n","protected":false},"author":1,"featured_media":75953,"comment_status":"closed","ping_status":"closed","sticky":false,"template":"","format":"standard","meta":{"footnotes":""},"categories":[1,5],"tags":[],"class_list":["post-75952","post","type-post","status-publish","format-standard","has-post-thumbnail","hentry","category-noticia-del-dia","category-el-pais"],"_links":{"self":[{"href":"https:\/\/conurbanodiario.com.ar\/index.php?rest_route=\/wp\/v2\/posts\/75952","targetHints":{"allow":["GET"]}}],"collection":[{"href":"https:\/\/conurbanodiario.com.ar\/index.php?rest_route=\/wp\/v2\/posts"}],"about":[{"href":"https:\/\/conurbanodiario.com.ar\/index.php?rest_route=\/wp\/v2\/types\/post"}],"author":[{"embeddable":true,"href":"https:\/\/conurbanodiario.com.ar\/index.php?rest_route=\/wp\/v2\/users\/1"}],"replies":[{"embeddable":true,"href":"https:\/\/conurbanodiario.com.ar\/index.php?rest_route=%2Fwp%2Fv2%2Fcomments&post=75952"}],"version-history":[{"count":2,"href":"https:\/\/conurbanodiario.com.ar\/index.php?rest_route=\/wp\/v2\/posts\/75952\/revisions"}],"predecessor-version":[{"id":75955,"href":"https:\/\/conurbanodiario.com.ar\/index.php?rest_route=\/wp\/v2\/posts\/75952\/revisions\/75955"}],"wp:featuredmedia":[{"embeddable":true,"href":"https:\/\/conurbanodiario.com.ar\/index.php?rest_route=\/wp\/v2\/media\/75953"}],"wp:attachment":[{"href":"https:\/\/conurbanodiario.com.ar\/index.php?rest_route=%2Fwp%2Fv2%2Fmedia&parent=75952"}],"wp:term":[{"taxonomy":"category","embeddable":true,"href":"https:\/\/conurbanodiario.com.ar\/index.php?rest_route=%2Fwp%2Fv2%2Fcategories&post=75952"},{"taxonomy":"post_tag","embeddable":true,"href":"https:\/\/conurbanodiario.com.ar\/index.php?rest_route=%2Fwp%2Fv2%2Ftags&post=75952"}],"curies":[{"name":"wp","href":"https:\/\/api.w.org\/{rel}","templated":true}]}}