{"id":75936,"date":"2024-10-02T01:04:00","date_gmt":"2024-10-02T04:04:00","guid":{"rendered":"https:\/\/conurbanodiario.com.ar\/?p=75936"},"modified":"2024-10-06T18:58:37","modified_gmt":"2024-10-06T21:58:37","slug":"el-pato-avanza-la-obra-de-urbanizacion-del-barrio-once","status":"publish","type":"post","link":"https:\/\/conurbanodiario.com.ar\/?p=75936","title":{"rendered":"EL PATO: AVANZA LA OBRA DE URBANIZACI\u00d3N DEL BARRIO ONCE"},"content":{"rendered":"\n<p><strong>Contin\u00faan las obras de urbanizaci\u00f3n en el barrio Once de la localidad de El Pato. Estas consisten en la construcci\u00f3n de una Escuela Primaria, una Secundaria y un Jard\u00edn de Infantes -que conformar\u00e1n un Polo Educativo Integral-; adem\u00e1s de un Sal\u00f3n de Usos M\u00faltiples (SUM), una plaza y un circuito deportivo. Adem\u00e1s, contemplan el mejoramiento del espacio p\u00fablico en general.<\/strong><\/p>\n\n\n\n<p>Las obras beneficiar\u00e1n a m\u00e1s de 4.500 vecinos y vecinas, y son posibles gracias al convenio firmado con el Organismo Provincial de Integraci\u00f3n Social y Urbana (OPISU), a cargo de Romina Barrios; el financiamiento del Banco Interamericano de Desarrollo (BID); y el esfuerzo y gesti\u00f3n del gobernador Axel Kicillof, junto con el intendente Juan Jos\u00e9 Mussi.<\/p>\n\n\n\n<p>El Polo Educativo Integral contempla la construcci\u00f3n de una Escuela Primaria (12 aulas), una Secundaria (6 aulas) y un Jard\u00edn de Infantes (6 aulas) en el predio ubicado entre las calles 513, 622, 623 y 514.<\/p>\n\n\n\n<p>Al respecto, la titular de la Agencia de Tierras y H\u00e1bitat municipal, Cecilia Rold\u00e1n, expres\u00f3: \u201cEsta obra cambiar\u00e1 la vida de los vecinos y vecinas, as\u00ed como la urbanizaci\u00f3n del barrio Once de El Pato, porque se va a nutrir con una Escuela Primaria, una Secundaria, un Jard\u00edn de Infantes, SUM y espacio multideportes con canchas de v\u00f3ley, b\u00e1squet y f\u00fatbol. Destacamos que gran parte de la mano de obra es local; quienes trabajan aqu\u00ed son vecinos de Berazategui\u201d.<\/p>\n","protected":false},"excerpt":{"rendered":"<p>Contin\u00faan las obras de urbanizaci\u00f3n en el barrio Once de la localidad de El Pato&#8230;.<\/p>\n","protected":false},"author":1,"featured_media":75937,"comment_status":"closed","ping_status":"closed","sticky":false,"template":"","format":"standard","meta":{"footnotes":""},"categories":[1,3],"tags":[],"class_list":["post-75936","post","type-post","status-publish","format-standard","has-post-thumbnail","hentry","category-noticia-del-dia","category-informacion-general"],"_links":{"self":[{"href":"https:\/\/conurbanodiario.com.ar\/index.php?rest_route=\/wp\/v2\/posts\/75936","targetHints":{"allow":["GET"]}}],"collection":[{"href":"https:\/\/conurbanodiario.com.ar\/index.php?rest_route=\/wp\/v2\/posts"}],"about":[{"href":"https:\/\/conurbanodiario.com.ar\/index.php?rest_route=\/wp\/v2\/types\/post"}],"author":[{"embeddable":true,"href":"https:\/\/conurbanodiario.com.ar\/index.php?rest_route=\/wp\/v2\/users\/1"}],"replies":[{"embeddable":true,"href":"https:\/\/conurbanodiario.com.ar\/index.php?rest_route=%2Fwp%2Fv2%2Fcomments&post=75936"}],"version-history":[{"count":1,"href":"https:\/\/conurbanodiario.com.ar\/index.php?rest_route=\/wp\/v2\/posts\/75936\/revisions"}],"predecessor-version":[{"id":75938,"href":"https:\/\/conurbanodiario.com.ar\/index.php?rest_route=\/wp\/v2\/posts\/75936\/revisions\/75938"}],"wp:featuredmedia":[{"embeddable":true,"href":"https:\/\/conurbanodiario.com.ar\/index.php?rest_route=\/wp\/v2\/media\/75937"}],"wp:attachment":[{"href":"https:\/\/conurbanodiario.com.ar\/index.php?rest_route=%2Fwp%2Fv2%2Fmedia&parent=75936"}],"wp:term":[{"taxonomy":"category","embeddable":true,"href":"https:\/\/conurbanodiario.com.ar\/index.php?rest_route=%2Fwp%2Fv2%2Fcategories&post=75936"},{"taxonomy":"post_tag","embeddable":true,"href":"https:\/\/conurbanodiario.com.ar\/index.php?rest_route=%2Fwp%2Fv2%2Ftags&post=75936"}],"curies":[{"name":"wp","href":"https:\/\/api.w.org\/{rel}","templated":true}]}}