{"id":75923,"date":"2024-09-30T01:08:00","date_gmt":"2024-09-30T04:08:00","guid":{"rendered":"https:\/\/conurbanodiario.com.ar\/?p=75923"},"modified":"2024-09-29T21:33:06","modified_gmt":"2024-09-30T00:33:06","slug":"se-firmo-la-preadjudicacion-del-barrio-para-trabajadores-del-organismo-de-ninez","status":"publish","type":"post","link":"https:\/\/conurbanodiario.com.ar\/?p=75923","title":{"rendered":"SE FIRM\u00d3 LA PREADJUDICACI\u00d3N DEL BARRIO PARA TRABAJADORES DEL ORGANISMO DE NI\u00d1EZ"},"content":{"rendered":"\n<p>El Barrio \u201cAndrea Balleto\u201d ubicado en Abasto, partido de La Plata, ya cuenta con la resoluci\u00f3n de preadjudicaci\u00f3n de los terrenos firmada por el ministro de Desarrollo de la Comunidad de la Provincia, Andr\u00e9s Larroque.<\/p>\n\n\n\n<p>El loteo, emplazado en el cruce de la Avenida 520 y la calle 215 de la capital bonaerense, es una iniciativa de la Provincia junto con los gremios para utilizar terrenos ociosos pertenecientes al Organismo. El destino es un plan de viviendas para los trabajadores de esa dependencia que no cuenten con un inmueble propio.<\/p>\n\n\n\n<p>Larroque destac\u00f3 que se trata de una conquista que refuerza \u201cel compromiso del Estado bonaerense y del gobernador Axel Kicillof con los trabajadores de la provincia priorizando el acceso a la vivienda como un derecho fundamental\u00bb.<\/p>\n\n\n\n<p>Adem\u00e1s, se rubric\u00f3 el acuerdo con la Cooperativa de Agua de esa localidad. Mediante este convenio se iniciar\u00e1n las obras que llevar\u00e1n agua.<\/p>\n\n\n\n<p>Sobre estos avances, la directora ejecutiva del Organismo, Andrea C\u00e1ceres, explic\u00f3: \u201cSe trata de una iniciativa en el marco del plan general del gobernador para brindar mayores posibilidades de acceso a la vivienda propia para los bonaerenses\u201d.<\/p>\n\n\n\n<p>Esta semana, desde el Organismo de Ni\u00f1ez y Adolescencia se inform\u00f3 tambi\u00e9n, en una reuni\u00f3n con los sindicatos, que en el transcurso del mes pr\u00f3ximo comenzar\u00e1n las obras de trazado y apertura de calles.&nbsp;Adem\u00e1s, la Subsecretar\u00eda de H\u00e1bitat est\u00e1 trabajando con la empresa de suministro el\u00e9ctrico EDELAP para lo que ser\u00e1 el tendido el\u00e9ctrico.<\/p>\n","protected":false},"excerpt":{"rendered":"<p>El Barrio \u201cAndrea Balleto\u201d ubicado en Abasto, partido de La Plata, ya cuenta con la&#8230;<\/p>\n","protected":false},"author":1,"featured_media":75924,"comment_status":"closed","ping_status":"closed","sticky":false,"template":"","format":"standard","meta":{"footnotes":""},"categories":[28],"tags":[],"class_list":["post-75923","post","type-post","status-publish","format-standard","has-post-thumbnail","hentry","category-la-provincia"],"_links":{"self":[{"href":"https:\/\/conurbanodiario.com.ar\/index.php?rest_route=\/wp\/v2\/posts\/75923","targetHints":{"allow":["GET"]}}],"collection":[{"href":"https:\/\/conurbanodiario.com.ar\/index.php?rest_route=\/wp\/v2\/posts"}],"about":[{"href":"https:\/\/conurbanodiario.com.ar\/index.php?rest_route=\/wp\/v2\/types\/post"}],"author":[{"embeddable":true,"href":"https:\/\/conurbanodiario.com.ar\/index.php?rest_route=\/wp\/v2\/users\/1"}],"replies":[{"embeddable":true,"href":"https:\/\/conurbanodiario.com.ar\/index.php?rest_route=%2Fwp%2Fv2%2Fcomments&post=75923"}],"version-history":[{"count":1,"href":"https:\/\/conurbanodiario.com.ar\/index.php?rest_route=\/wp\/v2\/posts\/75923\/revisions"}],"predecessor-version":[{"id":75925,"href":"https:\/\/conurbanodiario.com.ar\/index.php?rest_route=\/wp\/v2\/posts\/75923\/revisions\/75925"}],"wp:featuredmedia":[{"embeddable":true,"href":"https:\/\/conurbanodiario.com.ar\/index.php?rest_route=\/wp\/v2\/media\/75924"}],"wp:attachment":[{"href":"https:\/\/conurbanodiario.com.ar\/index.php?rest_route=%2Fwp%2Fv2%2Fmedia&parent=75923"}],"wp:term":[{"taxonomy":"category","embeddable":true,"href":"https:\/\/conurbanodiario.com.ar\/index.php?rest_route=%2Fwp%2Fv2%2Fcategories&post=75923"},{"taxonomy":"post_tag","embeddable":true,"href":"https:\/\/conurbanodiario.com.ar\/index.php?rest_route=%2Fwp%2Fv2%2Ftags&post=75923"}],"curies":[{"name":"wp","href":"https:\/\/api.w.org\/{rel}","templated":true}]}}