{"id":7222,"date":"2020-08-06T03:05:00","date_gmt":"2020-08-06T06:05:00","guid":{"rendered":"http:\/\/conurbanodiario.com.ar\/?p=7222"},"modified":"2020-08-06T05:48:25","modified_gmt":"2020-08-06T08:48:25","slug":"le-dan-prision-domiciliaria-a-la-joven-que-mato-a-su-expareja-de-dos-cuchillazos-en-villa-fiorito","status":"publish","type":"post","link":"https:\/\/conurbanodiario.com.ar\/?p=7222","title":{"rendered":"Le dan prisi\u00f3n domiciliaria a la joven que mat\u00f3 a su expareja de dos cuchillazos en Villa Fiorito"},"content":{"rendered":"\n<p>Una joven de 25 a\u00f1os que hab\u00eda sido detenida por el homicidio a cuchillazos de su expareja, en un departamento de la localidad bonaerense de Villa Fiorito, fue beneficiada con una prisi\u00f3n domiciliaria, mientras la justicia intenta determinar si el crimen pudo haber ocurrido en un contexto de violencia de g\u00e9nero, como sostienen distintas organizaciones feministas.<\/p>\n\n\n\n<p>Fuentes judiciales aseguraron que la medida benefici\u00f3 a Laura Beatr\u00edz Herrera (25), imputada por el \u00abhomicidio agravado por el v\u00ednculo\u00bb de Sergio Pav\u00f3n (47), cometido el mi\u00e9rcoles 22 de julio.<\/p>\n\n\n\n<p>La morigeraci\u00f3n fue solicitada por la fiscal del caso, Marcela Juan, tras analizar una serie de elementos aportados por la defensa.<\/p>\n\n\n\n<p>Para tomar la decisi\u00f3n, la titular de la Unidad Funcional de Instrucci\u00f3n (UFI) 16 de Lomas de Zamora tuvo en cuenta que la pareja manten\u00eda una relaci\u00f3n \u00abviolenta y t\u00f3xica\u00bb.<\/p>\n\n\n\n<p>\u00abHay situaciones donde Herrera tambi\u00e9n fue v\u00edctima, pero no est\u00e1 acreditado que \u00e9l fuera violento, esta relaci\u00f3n en particular no era sana\u00bb, dijo a T\u00e9lam un vocero encargado de la pesquisa.<\/p>\n\n\n\n<p>Adem\u00e1s, la fiscal constat\u00f3 que la joven hab\u00eda denunciado a Pav\u00f3n en un Juzgado de Familia, el cual le hab\u00eda dictado una restricci\u00f3n de acercamiento pero \u00e9l no hab\u00eda sido notificado.<\/p>\n\n\n\n<p>Por \u00faltimo, la morigeraci\u00f3n tambi\u00e9n fue concedida porque Herrera tiene un hijo de seis a\u00f1os y su padre no puede seguirlo cuidando de manera exclusiva.<\/p>\n\n\n\n<p>El hecho ocurri\u00f3 la madrugada del mi\u00e9rcoles 22 de julio en el departamento de Pav\u00f3n, ubicado en La Haya al 600 de Villa Fiorito, partido de Lomas de Zamora.<\/p>\n\n\n\n<p>Seg\u00fan lo que lograron determinar los pesquisas, all\u00ed hubo una discusi\u00f3n entre ambos y la joven le provoc\u00f3 dos pu\u00f1aladas en una pierna que le provocaron la muerte.<\/p>\n\n\n\n<p>En su declaraci\u00f3n indagatoria ante la fiscal Juan, la joven asegur\u00f3 que hab\u00eda ido a pedirle algunos objetos prestados a Pav\u00f3n cuando comenzaron a discutir, hasta que en un momento \u00e9l la tom\u00f3 del cuello y la arroj\u00f3 al suelo.<\/p>\n\n\n\n<p>De acuerdo al relato, en medio del forcejeo, ella tante\u00f3 la mesada de la cocina del departamento, tom\u00f3 un cuchillo y le propin\u00f3 dos puntazos en una pierna para defenderse, que le lesionaron una arteria y muri\u00f3 desangrado.<\/p>\n\n\n\n<p>Adem\u00e1s, Herrera asever\u00f3 que horas antes, a la tarde, Pav\u00f3n hab\u00eda estado en su departamento para recoger algunos objetos personales, donde tambi\u00e9n se produjo una discusi\u00f3n entre ellos, tras la cual \u00e9l hab\u00eda destrozado algunas pertenencias y muebles.<\/p>\n\n\n\n<p>A ra\u00edz de ese testimonio, la fiscal Juan orden\u00f3 un allanamiento en la vivienda de la joven, pero los pesquisas aseguraron que el interior se encontraba en buenas condiciones y que no se hab\u00edan hallado rastros de una pelea ni de destrozos.<\/p>\n\n\n\n<p>Por otro lado, las pericias f\u00edsicas realizadas a la acusada arrojaron resultados negativos en relaci\u00f3n a la presencia de signos de defensa en su cuerpo, y tampoco se identificaron marcas que denoten que haya sido tomada por el cuello ni golpes de ca\u00edda en su cuerpo, dijeron las fuentes judiciales.<\/p>\n\n\n\n<p>Asimismo, durante la autopsia llevada a cabo sobre el cad\u00e1ver de Pav\u00f3n tampoco se reconocieron se\u00f1ales de que haya forcejeado con Herrera ni presentaba indicios de que alguien se hubiera intentado defender de un ataque suyo.<\/p>\n\n\n\n<p>En tanto, la abogada Raquel Hermida Leyenda, representante de la acusada, explic\u00f3 que el Juzgado de Familia 11 hab\u00eda dispuesto una prohibici\u00f3n de acercamiento para Pav\u00f3n por un plazo de 120 d\u00edas y que el hombre incumpli\u00f3, por lo que hab\u00eda pedido su inmediata libertad.<\/p>\n","protected":false},"excerpt":{"rendered":"<p>Una joven de 25 a\u00f1os que hab\u00eda sido detenida por el homicidio a cuchillazos de&#8230;<\/p>\n","protected":false},"author":1,"featured_media":59656,"comment_status":"open","ping_status":"open","sticky":false,"template":"","format":"standard","meta":{"footnotes":""},"categories":[29],"tags":[],"class_list":["post-7222","post","type-post","status-publish","format-standard","has-post-thumbnail","hentry","category-judiciales"],"_links":{"self":[{"href":"https:\/\/conurbanodiario.com.ar\/index.php?rest_route=\/wp\/v2\/posts\/7222","targetHints":{"allow":["GET"]}}],"collection":[{"href":"https:\/\/conurbanodiario.com.ar\/index.php?rest_route=\/wp\/v2\/posts"}],"about":[{"href":"https:\/\/conurbanodiario.com.ar\/index.php?rest_route=\/wp\/v2\/types\/post"}],"author":[{"embeddable":true,"href":"https:\/\/conurbanodiario.com.ar\/index.php?rest_route=\/wp\/v2\/users\/1"}],"replies":[{"embeddable":true,"href":"https:\/\/conurbanodiario.com.ar\/index.php?rest_route=%2Fwp%2Fv2%2Fcomments&post=7222"}],"version-history":[{"count":1,"href":"https:\/\/conurbanodiario.com.ar\/index.php?rest_route=\/wp\/v2\/posts\/7222\/revisions"}],"predecessor-version":[{"id":7224,"href":"https:\/\/conurbanodiario.com.ar\/index.php?rest_route=\/wp\/v2\/posts\/7222\/revisions\/7224"}],"wp:featuredmedia":[{"embeddable":true,"href":"https:\/\/conurbanodiario.com.ar\/index.php?rest_route=\/wp\/v2\/media\/59656"}],"wp:attachment":[{"href":"https:\/\/conurbanodiario.com.ar\/index.php?rest_route=%2Fwp%2Fv2%2Fmedia&parent=7222"}],"wp:term":[{"taxonomy":"category","embeddable":true,"href":"https:\/\/conurbanodiario.com.ar\/index.php?rest_route=%2Fwp%2Fv2%2Fcategories&post=7222"},{"taxonomy":"post_tag","embeddable":true,"href":"https:\/\/conurbanodiario.com.ar\/index.php?rest_route=%2Fwp%2Fv2%2Ftags&post=7222"}],"curies":[{"name":"wp","href":"https:\/\/api.w.org\/{rel}","templated":true}]}}