{"id":7165,"date":"2020-08-06T03:07:00","date_gmt":"2020-08-06T06:07:00","guid":{"rendered":"http:\/\/conurbanodiario.com.ar\/?p=7165"},"modified":"2020-08-06T02:59:25","modified_gmt":"2020-08-06T05:59:25","slug":"mussi-y-el-consejo-municipal-de-emergencia-definieron-nuevas-medidas-a-implementar","status":"publish","type":"post","link":"https:\/\/conurbanodiario.com.ar\/?p=7165","title":{"rendered":"MUSSI Y EL CONSEJO MUNICIPAL DE EMERGENCIA DEFINIERON NUEVAS MEDIDAS A IMPLEMENTAR"},"content":{"rendered":"\n<p><strong>Con el objetivo de planificar las acciones y medidas de prevenci\u00f3n que pr\u00f3ximamente comenzar\u00e1n a implementarse, frente al incremento de casos alcanzados por la pandemia de coronavirus (COVID-19), el intendente de Berazategui, Dr. Juan Jos\u00e9 Mussi, volvi\u00f3 a reunirse por videoconferencia con los integrantes del Consejo Municipal de Emergencia.<\/strong><\/p>\n\n\n\n<p>En este marco, durante el encuentro virtual, el Jefe comunal analiz\u00f3 -junto a este equipo multidisciplinario- la actual situaci\u00f3n epidemiol\u00f3gica del distrito y los resultados arrojados por las diversas jornadas barriales del Dispositivo Estrat\u00e9gico de Testeo para Coronavirus en Territorio de Argentina (DETeCTAr).<\/p>\n\n\n\n<p>El Consejo Municipal de Emergencia COVID-19 se conform\u00f3 en el distrito para hacer frente a cada una de las problem\u00e1ticas sociales y econ\u00f3micas vinculadas a la pandemia del coronavirus. Asimismo, frente a la actual situaci\u00f3n de emergencia sanitaria, la Municipalidad de Berazategui contin\u00faa desarrollando las jornadas del DETeCTAr, junto al Gobierno de la provincia de Buenos Aires, con la colaboraci\u00f3n de voluntarios, integrantes de movimientos sociales y promotores territoriales de salud.<\/p>\n\n\n\n<p>Estos operativos consisten en recorrer los barrios, casa por casa, con el fin de encontrar a aquellas personas con s\u00edntomas compatibles con el virus y concientizar a la poblaci\u00f3n sobre las diferentes medidas de prevenci\u00f3n. Desde su implementaci\u00f3n a nivel local, ya se realizaron en los barrios Asunci\u00f3n-Mosconi, Aldana, Los Ciruelos, Primero de Mayo, Los Pinos, General Belgrano, Jacarand\u00e1, Bustillo, Villa Mitre, Buenaventura, Alejandro I, General Mitre y Kennedy Sur.<\/p>\n\n\n\n<p>Adem\u00e1s del intendente Juan Jos\u00e9 Mussi, tambi\u00e9n fueron parte del encuentro los secretarios municipales de Salud P\u00fablica e Higiene, Dr. Pablo Costa; de Desarrollo Social y Comunitario, Mar\u00eda Laura Lacava; de Trabajo y Desarrollo Productivo, Juan Manuel Parra; los coordinadores Generales de la Secretar\u00eda de Seguridad, Marcelo Sieczka; y de Alumbrado P\u00fablico y Electromec\u00e1nica, Sergio Faccenda. Entre otros, tambi\u00e9n estuvieron presentes el Padre Ignacio Blanco, como representante de Instituciones Religiosas; adem\u00e1s de Gaspar Fern\u00e1ndez (Kolina), Facundo Z\u00e1rate (La C\u00e1mpora) y Mat\u00edas Esteche (CCC), en representaci\u00f3n de los Movimientos sociales de la Ciudad.<\/p>\n","protected":false},"excerpt":{"rendered":"<p>Con el objetivo de planificar las acciones y medidas de prevenci\u00f3n que pr\u00f3ximamente comenzar\u00e1n a&#8230;<\/p>\n","protected":false},"author":1,"featured_media":59656,"comment_status":"open","ping_status":"open","sticky":false,"template":"","format":"standard","meta":{"footnotes":""},"categories":[31],"tags":[],"class_list":["post-7165","post","type-post","status-publish","format-standard","has-post-thumbnail","hentry","category-salud"],"_links":{"self":[{"href":"https:\/\/conurbanodiario.com.ar\/index.php?rest_route=\/wp\/v2\/posts\/7165","targetHints":{"allow":["GET"]}}],"collection":[{"href":"https:\/\/conurbanodiario.com.ar\/index.php?rest_route=\/wp\/v2\/posts"}],"about":[{"href":"https:\/\/conurbanodiario.com.ar\/index.php?rest_route=\/wp\/v2\/types\/post"}],"author":[{"embeddable":true,"href":"https:\/\/conurbanodiario.com.ar\/index.php?rest_route=\/wp\/v2\/users\/1"}],"replies":[{"embeddable":true,"href":"https:\/\/conurbanodiario.com.ar\/index.php?rest_route=%2Fwp%2Fv2%2Fcomments&post=7165"}],"version-history":[{"count":1,"href":"https:\/\/conurbanodiario.com.ar\/index.php?rest_route=\/wp\/v2\/posts\/7165\/revisions"}],"predecessor-version":[{"id":7167,"href":"https:\/\/conurbanodiario.com.ar\/index.php?rest_route=\/wp\/v2\/posts\/7165\/revisions\/7167"}],"wp:featuredmedia":[{"embeddable":true,"href":"https:\/\/conurbanodiario.com.ar\/index.php?rest_route=\/wp\/v2\/media\/59656"}],"wp:attachment":[{"href":"https:\/\/conurbanodiario.com.ar\/index.php?rest_route=%2Fwp%2Fv2%2Fmedia&parent=7165"}],"wp:term":[{"taxonomy":"category","embeddable":true,"href":"https:\/\/conurbanodiario.com.ar\/index.php?rest_route=%2Fwp%2Fv2%2Fcategories&post=7165"},{"taxonomy":"post_tag","embeddable":true,"href":"https:\/\/conurbanodiario.com.ar\/index.php?rest_route=%2Fwp%2Fv2%2Ftags&post=7165"}],"curies":[{"name":"wp","href":"https:\/\/api.w.org\/{rel}","templated":true}]}}