{"id":71443,"date":"2024-02-22T01:07:00","date_gmt":"2024-02-22T04:07:00","guid":{"rendered":"https:\/\/conurbanodiario.com.ar\/?p=71443"},"modified":"2024-03-03T23:52:30","modified_gmt":"2024-03-04T02:52:30","slug":"el-partido-entre-belgrano-y-talleres-del-sabado-proximo-cambia-de-horario-y-comenzara-a-las-19-30","status":"publish","type":"post","link":"https:\/\/conurbanodiario.com.ar\/?p=71443","title":{"rendered":"EL PARTIDO ENTRE BELGRANO Y TALLERES DEL S\u00c1BADO PR\u00d3XIMO CAMBIA DE HORARIO Y COMENZAR\u00c1 A LAS 19.30"},"content":{"rendered":"\n<p>El cl\u00e1sico de C\u00f3rdoba en el que Belgrano recibir\u00e1 a Talleres por la s\u00e9ptima fecha de la Copa de la Liga comenzar\u00e1 a las 19.30 del pr\u00f3ximo s\u00e1bado -estaba previsto para las 22- por un pedido que realiz\u00f3 el Ministerio de Seguridad provincial debido a que esa misma noche habr\u00e1 un show de Carlos \u00abLa Mona\u00bb Jim\u00e9nez, en el predio del estadio Mario Kempes.<\/p>\n\n\n\n<p>La propuesta realizada por el organismo provincial fue elevada la semana pasada y ayer se conoci\u00f3 la resoluci\u00f3n a la accedi\u00f3 aceptar el cambio la AFA.<\/p>\n\n\n\n<p>En un comunicado que emiti\u00f3 en conjunto la cartera junto al Consejo de Seguridad Deportiva local (Cosedepro), expresaron: \u00abDesde el Ministerio de Seguridad de C\u00f3rdoba agradecemos la predisposici\u00f3n del presidente AFA, Claudio Tapia, y de las autoridades de ambos clubes, Luis Artime y Andr\u00e9s Fassi, por participar de este proceso de di\u00e1logo permanente y de trabajo conjunto, con el prop\u00f3sito de velar por la seguridad de los concurrentes, de los planteles profesionales de ambos equipos y de la ciudadan\u00eda en general\u00bb.<\/p>\n\n\n\n<p>\u00abEn un contexto de deterioro socioecon\u00f3mico adverso, y por ende de creciente conflictividad social, las partes consideramos que la realizaci\u00f3n del cl\u00e1sico el d\u00eda s\u00e1bado 24 de febrero a las 19.30 hs minimizar\u00e1 riesgos y coadyuvar\u00e1 a la log\u00edstica de un esquema securitario acorde a la envergadura de este evento deportivo\u00bb, cierra la misiva.<\/p>\n\n\n\n<p>El ministro de Seguridad local, Juan Pablo Quinteros, dijo d\u00edas atr\u00e1s: \u00abCursamos un pedido para que cambien el d\u00eda. El evento autorizado desde enero es el de \u00abLa Mona\u00bb Jim\u00e9nez y posteriormente se fij\u00f3 el cl\u00e1sico para el mismo d\u00eda y a la misma hora\u00bb.<\/p>\n\n\n\n<p>\u00abJugar\u00edan en Alberdi y a muy poco minutos tendr\u00edamos 50 mil personas en el Kempes. Un gol de uno u otro puede repercutir a escasos kil\u00f3metros\u00bb, reforz\u00f3 el funcionario.<\/p>\n\n\n\n<p>El partido a jugarse en la cancha de Belgrano corresponde a la fecha de los cl\u00e1sicos, la s\u00e9ptima de la Copa de la Liga, y se espera sea de alto voltaje como cada vez que se cruzan los dos equipos m\u00e1s importantes de C\u00f3rdoba.<\/p>\n\n\n\n<p>En el encuentro que se jugar\u00e1 en el estadio del \u00abPirata\u00bb s\u00f3lo se permitir\u00e1 el acceso al p\u00fablico local. <\/p>\n","protected":false},"excerpt":{"rendered":"<p>El cl\u00e1sico de C\u00f3rdoba en el que Belgrano recibir\u00e1 a Talleres por la s\u00e9ptima fecha&#8230;<\/p>\n","protected":false},"author":1,"featured_media":59656,"comment_status":"closed","ping_status":"closed","sticky":false,"template":"","format":"standard","meta":{"footnotes":""},"categories":[32],"tags":[],"class_list":["post-71443","post","type-post","status-publish","format-standard","has-post-thumbnail","hentry","category-deportes"],"_links":{"self":[{"href":"https:\/\/conurbanodiario.com.ar\/index.php?rest_route=\/wp\/v2\/posts\/71443","targetHints":{"allow":["GET"]}}],"collection":[{"href":"https:\/\/conurbanodiario.com.ar\/index.php?rest_route=\/wp\/v2\/posts"}],"about":[{"href":"https:\/\/conurbanodiario.com.ar\/index.php?rest_route=\/wp\/v2\/types\/post"}],"author":[{"embeddable":true,"href":"https:\/\/conurbanodiario.com.ar\/index.php?rest_route=\/wp\/v2\/users\/1"}],"replies":[{"embeddable":true,"href":"https:\/\/conurbanodiario.com.ar\/index.php?rest_route=%2Fwp%2Fv2%2Fcomments&post=71443"}],"version-history":[{"count":1,"href":"https:\/\/conurbanodiario.com.ar\/index.php?rest_route=\/wp\/v2\/posts\/71443\/revisions"}],"predecessor-version":[{"id":71445,"href":"https:\/\/conurbanodiario.com.ar\/index.php?rest_route=\/wp\/v2\/posts\/71443\/revisions\/71445"}],"wp:featuredmedia":[{"embeddable":true,"href":"https:\/\/conurbanodiario.com.ar\/index.php?rest_route=\/wp\/v2\/media\/59656"}],"wp:attachment":[{"href":"https:\/\/conurbanodiario.com.ar\/index.php?rest_route=%2Fwp%2Fv2%2Fmedia&parent=71443"}],"wp:term":[{"taxonomy":"category","embeddable":true,"href":"https:\/\/conurbanodiario.com.ar\/index.php?rest_route=%2Fwp%2Fv2%2Fcategories&post=71443"},{"taxonomy":"post_tag","embeddable":true,"href":"https:\/\/conurbanodiario.com.ar\/index.php?rest_route=%2Fwp%2Fv2%2Ftags&post=71443"}],"curies":[{"name":"wp","href":"https:\/\/api.w.org\/{rel}","templated":true}]}}