{"id":7129,"date":"2020-08-06T03:06:00","date_gmt":"2020-08-06T06:06:00","guid":{"rendered":"http:\/\/conurbanodiario.com.ar\/?p=7129"},"modified":"2020-08-06T02:32:55","modified_gmt":"2020-08-06T05:32:55","slug":"banfield-saldara-sus-deudas-en-los-proximos-dias-anuncio-el-vicepresidente-tucker","status":"publish","type":"post","link":"https:\/\/conurbanodiario.com.ar\/?p=7129","title":{"rendered":"\u00abBANFIELD SALDAR\u00c1 SUS DEUDAS EN LOS PR\u00d3XIMOS D\u00cdAS\u00bb, ANUNCI\u00d3 EL VICEPRESIDENTE TUCKER"},"content":{"rendered":"\n<p>El vicepresidente primero de Banfield Oscar Tucker anunci\u00f3 que el club \u00absaldar\u00e1 sus deudas en los pr\u00f3ximos d\u00edas\u00bb, en relaci\u00f3n con los 40 mil d\u00f3lares reclamados por Millonarios, de Colombia, por derechos de formaci\u00f3n del defensor Junior Bueno, y los 76 mil de la \u00faltima cuota del juicio del ex volante del club, Walter Erviti.<\/p>\n\n\n\n<p>\u201cSi bien Banfield podr\u00eda haber ido al TAS -para apelar el fallo por el reclamo del club colombiano- para ganar tiempo y esta deuda pagarla mucho m\u00e1s adelante, estimamos que lo mejor era hacerlo en esta instancia, porque as\u00ed no habr\u00e1 ning\u00fan tipo de sanci\u00f3n contra el club\u00bb, puntualiz\u00f3 Tucker en declaraciones a T\u00e9lam y dem\u00e1s medios de prensa.<\/p>\n\n\n\n<p>\u201cEl vencimiento de este pago era durante el primer semestre de este a\u00f1o, pero se aboc\u00f3 el dinero en abonarle los sueldos a nuestros jugadores, empleados, empleadas y proveedores, para que est\u00e9n al d\u00eda. Banfield ya se puso en contacto con el club colombiano para formalizar el pago pendiente en los pr\u00f3ximos d\u00edas\u00bb, a\u00f1adi\u00f3.<\/p>\n\n\n\n<p>De ese modo, el dirigente dio garant\u00eda de que la instituci\u00f3n &#8216;albiverde&#8217; no tendr\u00e1 dificultades para transferir o incorporar jugadores para la pr\u00f3xima competencia, a\u00fan sin fecha de inicio, pero s\u00ed para el comienzo de los entrenamientos que ser\u00e1n desde el lunes pr\u00f3ximo.<\/p>\n\n\n\n<p>\u201cEstamos abocados de lleno a ultimar detalles para poder contar con todos los elementos sanitizantes para el regreso de los entrenamientos. Sabemos que van a ser de a grupos y que tendremos que cumplir con medidas de distanciamiento\u00bb, refiri\u00f3 Tucker.<\/p>\n\n\n\n<p>\u00abEn ese punto juegan a favor las instalaciones con las que contamos (en Luis Guill\u00f3n), ya que podemos cumplir con mucha holgura con los pedidos de los sanitaristas para proteger a futbolistas, entrenadores y personal que trabaja cerca del plantel\u201d, asegur\u00f3 el vicepresidente primero.<\/p>\n\n\n\n<p>Por medio del mismo canal comunicativo, el club hizo saber \u00abque en los pr\u00f3ximos d\u00edas estar\u00e1 venciendo la \u00faltima cuota de pago del juicio de Erviti. Este \u00faltimo pago es de 76 mil d\u00f3lares, que se sumar\u00e1 a las dos cuotas ya abonadas en tiempo y forma durante todo el proceso\u00bb.<\/p>\n\n\n\n<p>En la nota respectiva consta que \u00abla \u00faltima cuota del acuerdo con Walter Erviti ser\u00e1 abonada una vez que el club retome los ingresos habituales y vuelva a la normalidad en su funcionamiento cotidiano\u00bb. El ex jugador y capit\u00e1n del &#8216;Taladro&#8217; inici\u00f3 juicio en 2017 por haberes impagos correspondientes a los \u00faltimos meses de 2016, por ese entonces por una cifra cercana a los nueve millones de pesos.<\/p>\n","protected":false},"excerpt":{"rendered":"<p>El vicepresidente primero de Banfield Oscar Tucker anunci\u00f3 que el club \u00absaldar\u00e1 sus deudas en&#8230;<\/p>\n","protected":false},"author":1,"featured_media":59656,"comment_status":"open","ping_status":"open","sticky":false,"template":"","format":"standard","meta":{"footnotes":""},"categories":[32],"tags":[],"class_list":["post-7129","post","type-post","status-publish","format-standard","has-post-thumbnail","hentry","category-deportes"],"_links":{"self":[{"href":"https:\/\/conurbanodiario.com.ar\/index.php?rest_route=\/wp\/v2\/posts\/7129","targetHints":{"allow":["GET"]}}],"collection":[{"href":"https:\/\/conurbanodiario.com.ar\/index.php?rest_route=\/wp\/v2\/posts"}],"about":[{"href":"https:\/\/conurbanodiario.com.ar\/index.php?rest_route=\/wp\/v2\/types\/post"}],"author":[{"embeddable":true,"href":"https:\/\/conurbanodiario.com.ar\/index.php?rest_route=\/wp\/v2\/users\/1"}],"replies":[{"embeddable":true,"href":"https:\/\/conurbanodiario.com.ar\/index.php?rest_route=%2Fwp%2Fv2%2Fcomments&post=7129"}],"version-history":[{"count":1,"href":"https:\/\/conurbanodiario.com.ar\/index.php?rest_route=\/wp\/v2\/posts\/7129\/revisions"}],"predecessor-version":[{"id":7131,"href":"https:\/\/conurbanodiario.com.ar\/index.php?rest_route=\/wp\/v2\/posts\/7129\/revisions\/7131"}],"wp:featuredmedia":[{"embeddable":true,"href":"https:\/\/conurbanodiario.com.ar\/index.php?rest_route=\/wp\/v2\/media\/59656"}],"wp:attachment":[{"href":"https:\/\/conurbanodiario.com.ar\/index.php?rest_route=%2Fwp%2Fv2%2Fmedia&parent=7129"}],"wp:term":[{"taxonomy":"category","embeddable":true,"href":"https:\/\/conurbanodiario.com.ar\/index.php?rest_route=%2Fwp%2Fv2%2Fcategories&post=7129"},{"taxonomy":"post_tag","embeddable":true,"href":"https:\/\/conurbanodiario.com.ar\/index.php?rest_route=%2Fwp%2Fv2%2Ftags&post=7129"}],"curies":[{"name":"wp","href":"https:\/\/api.w.org\/{rel}","templated":true}]}}