{"id":7126,"date":"2020-08-06T03:07:00","date_gmt":"2020-08-06T06:07:00","guid":{"rendered":"http:\/\/conurbanodiario.com.ar\/?p=7126"},"modified":"2020-08-05T22:58:41","modified_gmt":"2020-08-06T01:58:41","slug":"independiente-ofrecera-a-boca-a-cecilio-dominguez-como-parte-de-pago-por-marcone-y-bou","status":"publish","type":"post","link":"https:\/\/conurbanodiario.com.ar\/?p=7126","title":{"rendered":"INDEPENDIENTE OFRECER\u00c1 A BOCA A CECILIO DOM\u00cdNGUEZ COMO PARTE DE PAGO POR MARCONE Y BOU"},"content":{"rendered":"\n<p>La dirigencia de Independiente, con diferencias respecto de la de Boca Juniors, a \u00faltima hora de la tarde de ayer formul\u00f3 una contrapropuesta por el pase del volante Iv\u00e1n Marcone y el pr\u00e9stamo por un a\u00f1o del delantero Walter Bou, cediendo al atacante paraguayo Cecilio Dom\u00ednguez.<\/p>\n\n\n\n<p>A la vez, la transferencia del goleador Silvio Romero se har\u00eda por 1.400.000 d\u00f3lares m\u00e1s la cancelaci\u00f3n de 676.300 que debe el &#8216;Rojo&#8217; a los &#8216;xeneizes&#8217; por los derechos de formaci\u00f3n del lateral izquierdo Juan S\u00e1nchez Mi\u00f1o (76.300), que venci\u00f3 en febrero pasado, y por la compra del volante Pablo P\u00e9rez (600.000) .<\/p>\n\n\n\n<p>Al pasar las horas van surgiendo novedades y se tensan las relaciones entre los dirigentes del &#8216;Rojo&#8217; y sus pares boquenses, en especial con Juan Rom\u00e1n Riquelme, por el contacto tomado con el goleador Romero por fuera de la entidad, sin mantener la \u00e9tica entre clubes argentinos de \u00abno sacarse jugadores por la cl\u00e1usula de rescisi\u00f3n\u00bb, le contaron a T\u00e9lam allegados al elenco de Avellaneda.<\/p>\n\n\n\n<p>A la contra propuesta que le realizar\u00e1 Independiente a Boca por querer llevarse a Romero solo por la cl\u00e1usula de salida, que es de 1.400.000 d\u00f3lares, se le sum\u00f3 un mensaje clave en las \u00faltimas horas:<\/p>\n\n\n\n<p>\u00abIndependiente recibi\u00f3 el aviso desde el entorno del jugador que negociar\u00edan con Boca s\u00f3lo por fuera de la cl\u00e1usula\u00bb, indic\u00f3 un vocero cercano a la c\u00fapula del &#8216;Diablo&#8217;.<\/p>\n\n\n\n<p>Eso se debe a que la relaci\u00f3n entre el delantero y la instituci\u00f3n de Avellanada \u00abmejor\u00f3 notablemente despu\u00e9s de una reuni\u00f3n mantenida durante el pasado fin de semana para acordar nuevas condiciones favorables para el capit\u00e1n del equipo\u00bb, ampli\u00f3 la fuente.<\/p>\n\n\n\n<p>Tanto es as\u00ed que por la sede de la avenida Mitre empezaron a armar el nuevo contrato del &#8216;Chino&#8217; para asegurarse su continuidad, con una mejora en el mismo y en su extensi\u00f3n, que ser\u00eda por 18 meses m\u00e1s al vigente, es decir hasta junio de 2023.<\/p>\n\n\n\n<p>En cuanto a los entrenamientos del plantel de Lucas Pusineri, que comenzar\u00e1n el pr\u00f3ximo lunes en el predio Santo Domingo, \u00abel club reiterar\u00e1 la notificaci\u00f3n al arquero (el uruguayo Mart\u00edn) Campa\u00f1a y al volante (el ecuatoriano Fernando) Gaibor para que regresen al pa\u00eds de inmediato, porque tendr\u00e1n que realizar la cuarentena obligatoria\u00bb, se\u00f1al\u00f3 el mismo informante. Por eso, ambos jugadores no entrenar\u00e1n las dos primeras semanas con sus compa\u00f1eros.<\/p>\n\n\n\n<p>Por \u00faltimo, Independiente le presentar\u00eda una mejora contractual muy importante al zaguero Alan Franco para que el jugador se fortalezca an\u00edmicamente, tras su frustrado pase a Dinamo Zagreb, de Croacia, y de haber abandonado los trabajos individuales v\u00eda zoom, ante la posibilidad de que aparezca otra oferta.<\/p>\n","protected":false},"excerpt":{"rendered":"<p>La dirigencia de Independiente, con diferencias respecto de la de Boca Juniors, a \u00faltima hora&#8230;<\/p>\n","protected":false},"author":1,"featured_media":59656,"comment_status":"open","ping_status":"open","sticky":false,"template":"","format":"standard","meta":{"footnotes":""},"categories":[32],"tags":[],"class_list":["post-7126","post","type-post","status-publish","format-standard","has-post-thumbnail","hentry","category-deportes"],"_links":{"self":[{"href":"https:\/\/conurbanodiario.com.ar\/index.php?rest_route=\/wp\/v2\/posts\/7126","targetHints":{"allow":["GET"]}}],"collection":[{"href":"https:\/\/conurbanodiario.com.ar\/index.php?rest_route=\/wp\/v2\/posts"}],"about":[{"href":"https:\/\/conurbanodiario.com.ar\/index.php?rest_route=\/wp\/v2\/types\/post"}],"author":[{"embeddable":true,"href":"https:\/\/conurbanodiario.com.ar\/index.php?rest_route=\/wp\/v2\/users\/1"}],"replies":[{"embeddable":true,"href":"https:\/\/conurbanodiario.com.ar\/index.php?rest_route=%2Fwp%2Fv2%2Fcomments&post=7126"}],"version-history":[{"count":1,"href":"https:\/\/conurbanodiario.com.ar\/index.php?rest_route=\/wp\/v2\/posts\/7126\/revisions"}],"predecessor-version":[{"id":7128,"href":"https:\/\/conurbanodiario.com.ar\/index.php?rest_route=\/wp\/v2\/posts\/7126\/revisions\/7128"}],"wp:featuredmedia":[{"embeddable":true,"href":"https:\/\/conurbanodiario.com.ar\/index.php?rest_route=\/wp\/v2\/media\/59656"}],"wp:attachment":[{"href":"https:\/\/conurbanodiario.com.ar\/index.php?rest_route=%2Fwp%2Fv2%2Fmedia&parent=7126"}],"wp:term":[{"taxonomy":"category","embeddable":true,"href":"https:\/\/conurbanodiario.com.ar\/index.php?rest_route=%2Fwp%2Fv2%2Fcategories&post=7126"},{"taxonomy":"post_tag","embeddable":true,"href":"https:\/\/conurbanodiario.com.ar\/index.php?rest_route=%2Fwp%2Fv2%2Ftags&post=7126"}],"curies":[{"name":"wp","href":"https:\/\/api.w.org\/{rel}","templated":true}]}}