{"id":7113,"date":"2020-08-06T03:06:00","date_gmt":"2020-08-06T06:06:00","guid":{"rendered":"http:\/\/conurbanodiario.com.ar\/?p=7113"},"modified":"2020-08-05T19:46:58","modified_gmt":"2020-08-05T22:46:58","slug":"se-estrena-al-acecho-una-pelicula-grabada-integramente-en-berazategui","status":"publish","type":"post","link":"https:\/\/conurbanodiario.com.ar\/?p=7113","title":{"rendered":"SE ESTRENA \u00abAL ACECHO\u00bb, UNA PEL\u00cdCULA GRABADA \u00cdNTEGRAMENTE EN BERAZATEGUI"},"content":{"rendered":"\n<p>En una muestra m\u00e1s del creciente desarrollo cultural local, este jueves 6 de agosto, a partir de las 22.00, se estrenar\u00e1 por la pantalla de\u00a0<a rel=\"noreferrer noopener\" href=\"http:\/\/cine.ar\/\" target=\"_blank\">CINE.AR<\/a>\u00a0la pel\u00edcula \u201cAl acecho\u201d, protagonizada por Rodrigo de la Serna y filmada \u00edntegramente en la ciudad, con el apoyo del Programa municipal \u201cBerazategui, Set de Filmaci\u00f3n\u201d.<\/p>\n\n\n\n<p>Adem\u00e1s de un gran elenco actoral, el largometraje se desarroll\u00f3 bajo la direcci\u00f3n del realizador audiovisual y vecino del distrito, Francisco D&#8217;Eufemia, que eligi\u00f3 Berazategui como escenario para toda la producci\u00f3n.<\/p>\n\n\n\n<p>La pel\u00edcula gira en torno al guardaparques Pablo Silva (Rodrigo de la Serna), quien rehace su vida en su nuevo destino. Se trata de un lugar olvidado y conflictivo, al que pocos quieren ir: el Parque Pereyra Iraola. Al poco tiempo, bajo una aparente tranquilidad, descubre una red de cazadores furtivos, tr\u00e1fico y enga\u00f1os.<\/p>\n\n\n\n<p>A partir de entonces, su viejo instinto de cazador lo har\u00e1 estar al acecho, tal como describe el propio t\u00edtulo de este nuevo film, que tambi\u00e9n cuenta con la actuaci\u00f3n de otras grandes figuras del cine nacional argentino, como Bel\u00e9n Blanco, Walter Jakob, Facundo Aquinos, Patricia Calisaya, Pablo Ragoni, H\u00e9ctor Bordoni y Pablo Palacio.<\/p>\n\n\n\n<p>Finalmente, esta pel\u00edcula filmada en 2019 se estrenar\u00e1 este jueves, desde las 22.00, por CINE AR. Todos aquellos que deseen disfrutarla, podr\u00e1n hacerlo a trav\u00e9s de la propia p\u00e1gina Web de la se\u00f1al (<a href=\"http:\/\/cine.ar\/tv\" target=\"_blank\" rel=\"noreferrer noopener\">cine.ar\/tv<\/a>) o del canal de cable, disponible en TDA (Canal 22.4), DIRECT TV (512), CABLEVISI\u00d3N (39\/300) y TELECENTRO (400\/1049). &nbsp;<\/p>\n\n\n\n<p><strong>Berazategui al servicio de la creatividad audiovisual<br><\/strong><br>La Municipalidad impulsa desde 2014 el programa \u201cBerazategui, Set de Filmaci\u00f3n\u201d, con el fin de promover la actividad audiovisual y difundir el patrimonio cultural y natural de la ciudad. De esta manera, ya se desarrollaron m\u00e1s de 60 producciones en diferentes espacios del distrito, entre spots publicitarios, cortometrajes, series, programas de tv y largometrajes.<\/p>\n\n\n\n<p>A trav\u00e9s de esta herramienta de asistencia a productoras y realizaciones acad\u00e9micas de todo el pa\u00eds -junto a un cat\u00e1logo de locaciones para sus trabajos audiovisuales-, productoras comerciales y estudiantes de cine y publicidad eligen sitios de la ciudad del Conurbano bonaerense como locaci\u00f3n para llevar adelante sus realizaciones.<\/p>\n\n\n\n<p>Adem\u00e1s de \u201cAl acecho\u201d, entre las producciones filmadas \u00edntegramente en Berazategui mediante esta iniciativa, se destacan \u201cAngelita, la doctora\u201d y \u201cArp\u00f3n\u201d. Esta \u00faltima, protagonizada por Germ\u00e1n De Silva, Ana Celentano y Nina Su\u00e1rez Bl\u00e9fari, se realiz\u00f3 completamente en las localidades de Pl\u00e1tanos y Hudson.<\/p>\n\n\n\n<p>Por otra parte, entre muchas otras, en Berazategui tambi\u00e9n se grab\u00f3 el \u00faltimo cap\u00edtulo de la segunda temporada de \u201cUn Gallo para Esculapio\u201d, la multipremiada serie televisiva, dirigida por Bruno Stagnaro y protagonizada por un gran elenco, como Luis Luque, Peter Lanzani, Ariel Staltari, Julieta Ortega y Juan Leirado. En este caso, las locaciones elegidas fueron Puerto Trinidad, en Hudson, y el antiguo Edificio municipal (Av. N\u00e9stor Kirchner y 14).<\/p>\n","protected":false},"excerpt":{"rendered":"<p>En una muestra m\u00e1s del creciente desarrollo cultural local, este jueves 6 de agosto, a&#8230;<\/p>\n","protected":false},"author":1,"featured_media":59656,"comment_status":"open","ping_status":"open","sticky":false,"template":"","format":"standard","meta":{"footnotes":""},"categories":[8],"tags":[],"class_list":["post-7113","post","type-post","status-publish","format-standard","has-post-thumbnail","hentry","category-cultura"],"_links":{"self":[{"href":"https:\/\/conurbanodiario.com.ar\/index.php?rest_route=\/wp\/v2\/posts\/7113","targetHints":{"allow":["GET"]}}],"collection":[{"href":"https:\/\/conurbanodiario.com.ar\/index.php?rest_route=\/wp\/v2\/posts"}],"about":[{"href":"https:\/\/conurbanodiario.com.ar\/index.php?rest_route=\/wp\/v2\/types\/post"}],"author":[{"embeddable":true,"href":"https:\/\/conurbanodiario.com.ar\/index.php?rest_route=\/wp\/v2\/users\/1"}],"replies":[{"embeddable":true,"href":"https:\/\/conurbanodiario.com.ar\/index.php?rest_route=%2Fwp%2Fv2%2Fcomments&post=7113"}],"version-history":[{"count":1,"href":"https:\/\/conurbanodiario.com.ar\/index.php?rest_route=\/wp\/v2\/posts\/7113\/revisions"}],"predecessor-version":[{"id":7115,"href":"https:\/\/conurbanodiario.com.ar\/index.php?rest_route=\/wp\/v2\/posts\/7113\/revisions\/7115"}],"wp:featuredmedia":[{"embeddable":true,"href":"https:\/\/conurbanodiario.com.ar\/index.php?rest_route=\/wp\/v2\/media\/59656"}],"wp:attachment":[{"href":"https:\/\/conurbanodiario.com.ar\/index.php?rest_route=%2Fwp%2Fv2%2Fmedia&parent=7113"}],"wp:term":[{"taxonomy":"category","embeddable":true,"href":"https:\/\/conurbanodiario.com.ar\/index.php?rest_route=%2Fwp%2Fv2%2Fcategories&post=7113"},{"taxonomy":"post_tag","embeddable":true,"href":"https:\/\/conurbanodiario.com.ar\/index.php?rest_route=%2Fwp%2Fv2%2Ftags&post=7113"}],"curies":[{"name":"wp","href":"https:\/\/api.w.org\/{rel}","templated":true}]}}