{"id":6994,"date":"2020-08-06T03:05:00","date_gmt":"2020-08-06T06:05:00","guid":{"rendered":"http:\/\/conurbanodiario.com.ar\/?p=6994"},"modified":"2020-08-03T00:38:54","modified_gmt":"2020-08-03T03:38:54","slug":"racing-contrato-refuerzos-y-extendio-contratos-para-el-futbol-femenino","status":"publish","type":"post","link":"https:\/\/conurbanodiario.com.ar\/?p=6994","title":{"rendered":"RACING CONTRAT\u00d3 REFUERZOS Y EXTENDI\u00d3 CONTRATOS PARA EL F\u00daTBOL FEMENINO"},"content":{"rendered":"\n<p>Racing ofreci\u00f3 un amplio informe sobre su equipo de f\u00fatbol femenino de primera divisi\u00f3n, para el que sum\u00f3 refuerzos y extendi\u00f3 contratos de varias jugadoras para la pr\u00f3xima temporada, que comenzar\u00eda en febrero.<\/p>\n\n\n\n<p>Los refuerzos son dos con contrato hasta diciembre de 2022: la defensora Aldana Narv\u00e1ez (19 a\u00f1os), que llega de Social Lux, de Rosario, su ciudad natal, y que integr\u00f3 las selecciones argentinas Sub 20 y la Mayor.<\/p>\n\n\n\n<p>La otra es Roc\u00edo Bueno (28), proveniente de UAI Urquiza, previo paso por Boca e integrante del seleccionado argentino.<\/p>\n\n\n\n<p>Adem\u00e1s, incorpor\u00f3 por una temporada a Florencia Gaet\u00e1n (21), delantera goleadora de Villa San Carlos, que convirti\u00f3 nueve goles en 10 partidos jugados, de acuerdo a lo informado por la \u00abAcademia\u00bb a trav\u00e9s de sus redes sociales oficiales.<\/p>\n\n\n\n<p>Al continuar con su proyecto formativo y buscar ser protagonista en la divisi\u00f3n mayor del f\u00fatbol femenino de AFA, Racing acord\u00f3 la continuidad del v\u00ednculo con las jugadoras Jorgelina Riolfo, Milagros Menna, Camila Ulloa y Dalila C\u00e1ceres.<\/p>\n\n\n\n<p>En tanto promociona al plantel superior a tres surgidas de la cantera: Azul Oszczyk, Candela Iba\u00f1a y Roc\u00edo G\u00f3mez.<\/p>\n\n\n\n<p>Adem\u00e1s, a otras dos jugadoras que ya cumplieron con partidos en el primer equipo conducido por Antonio Spinelli, el club les hizo contrato: Micaela Adorno (20), volante ofensiva zurda (hasta diciembre de 2022), y Florencia Curril (25), mediocampista por derecha (hasta diciembre de 2021).<\/p>\n","protected":false},"excerpt":{"rendered":"<p>Racing ofreci\u00f3 un amplio informe sobre su equipo de f\u00fatbol femenino de primera divisi\u00f3n, para&#8230;<\/p>\n","protected":false},"author":1,"featured_media":59656,"comment_status":"open","ping_status":"open","sticky":false,"template":"","format":"standard","meta":{"footnotes":""},"categories":[32],"tags":[],"class_list":["post-6994","post","type-post","status-publish","format-standard","has-post-thumbnail","hentry","category-deportes"],"_links":{"self":[{"href":"https:\/\/conurbanodiario.com.ar\/index.php?rest_route=\/wp\/v2\/posts\/6994","targetHints":{"allow":["GET"]}}],"collection":[{"href":"https:\/\/conurbanodiario.com.ar\/index.php?rest_route=\/wp\/v2\/posts"}],"about":[{"href":"https:\/\/conurbanodiario.com.ar\/index.php?rest_route=\/wp\/v2\/types\/post"}],"author":[{"embeddable":true,"href":"https:\/\/conurbanodiario.com.ar\/index.php?rest_route=\/wp\/v2\/users\/1"}],"replies":[{"embeddable":true,"href":"https:\/\/conurbanodiario.com.ar\/index.php?rest_route=%2Fwp%2Fv2%2Fcomments&post=6994"}],"version-history":[{"count":1,"href":"https:\/\/conurbanodiario.com.ar\/index.php?rest_route=\/wp\/v2\/posts\/6994\/revisions"}],"predecessor-version":[{"id":6996,"href":"https:\/\/conurbanodiario.com.ar\/index.php?rest_route=\/wp\/v2\/posts\/6994\/revisions\/6996"}],"wp:featuredmedia":[{"embeddable":true,"href":"https:\/\/conurbanodiario.com.ar\/index.php?rest_route=\/wp\/v2\/media\/59656"}],"wp:attachment":[{"href":"https:\/\/conurbanodiario.com.ar\/index.php?rest_route=%2Fwp%2Fv2%2Fmedia&parent=6994"}],"wp:term":[{"taxonomy":"category","embeddable":true,"href":"https:\/\/conurbanodiario.com.ar\/index.php?rest_route=%2Fwp%2Fv2%2Fcategories&post=6994"},{"taxonomy":"post_tag","embeddable":true,"href":"https:\/\/conurbanodiario.com.ar\/index.php?rest_route=%2Fwp%2Fv2%2Ftags&post=6994"}],"curies":[{"name":"wp","href":"https:\/\/api.w.org\/{rel}","templated":true}]}}