{"id":6972,"date":"2020-08-03T03:05:00","date_gmt":"2020-08-03T06:05:00","guid":{"rendered":"http:\/\/conurbanodiario.com.ar\/?p=6972"},"modified":"2020-08-02T23:30:31","modified_gmt":"2020-08-03T02:30:31","slug":"cincuenta-y-dos-nuevas-muertes-por-coronavirus-y-se-diagnosticaron-otros-5-376-casos-en-el-pais","status":"publish","type":"post","link":"https:\/\/conurbanodiario.com.ar\/?p=6972","title":{"rendered":"CINCUENTA Y DOS NUEVAS MUERTES POR CORONAVIRUS Y SE DIAGNOSTICARON OTROS 5.376 CASOS EN EL PA\u00cdS"},"content":{"rendered":"\n<p>Cincuenta y dos personas murieron y 5.376 fueron diagnosticados con coronavirus en las \u00faltimas 24 horas en la Argentina, con lo que suman 3.648 los decesos y 201.919 los contagiados desde el inicio de la pandemia, mientras que las reuniones sociales quedar\u00e1n prohibidas por 15 d\u00edas en todo el pa\u00eds a trav\u00e9s de un decreto de necesidad y urgencia (DNU) que firmar\u00e1 este lunes el presidente Alberto Fern\u00e1ndez.<\/p>\n\n\n\n<p>El Ministerio de Salud inform\u00f3 que del total de infectados, 1.123 (0,6%) son importados, 56.975 (28,2%) contactos estrechos de casos confirmados, 110.459 (54,7%) casos de circulaci\u00f3n comunitaria y el resto se encuentra en investigaci\u00f3n epidemiol\u00f3gica.<\/p>\n\n\n\n<p>El reporte vespertino consign\u00f3 que murieron 18 hombres, 15 en la provincia de Buenos Aires; 2 en la provincia de Mendoza; 1 en la provincia de Santa Fe; y 18 mujeres; 14 en la provincia de Buenos Aires y 2 en la Ciudad de Buenos Aires; 1 en la provincia de C\u00f3rdoba y otra en la provincia de Mendoza.<\/p>\n\n\n\n<p>El parte matutino precis\u00f3 que fallecieron 9 hombres, 5 en la provincia de Buenos Aires; 3 en la Ciudad de Buenos Aires (CABA); 1 en la provincia de Chaco; y 7 mujeres; 3 en la provincia de Buenos Aires; 2 en la Ciudad de Buenos Aires (CABA); 1 en la provincia de Mendoza y 1 en la provincia de Santa Fe.<\/p>\n\n\n\n<p>Las reuniones sociales quedar\u00e1n prohibidas durante los pr\u00f3ximos 15 d\u00edas en todo el pa\u00eds, de acuerdo con un DNU que firmar\u00e1 este lunes el presidente Alberto Fern\u00e1ndez, en el marco del inicio de una nueva etapa de aislamiento social obligatorio que rige desde el 20 de marzo pasado.<\/p>\n\n\n\n<p>As\u00ed lo confirm\u00f3 ayer la secretaria de Acceso a la Salud, Carla Vizzotti, durante el reporte matutino de casos de coronavirus en el pa\u00eds, cuando se\u00f1al\u00f3 a que se observ\u00f3 un aumento \u00abimportante\u00bb de contagios en las provincias que pasaron del aislamiento social al distanciamiento social preventivo y obligatorio.<\/p>\n\n\n\n<p>En este marco, este lunes, en la Ciudad de Buenos Aires tendr\u00e1 lugar la apertura de comercios no esenciales en las avenidas porte\u00f1as, lo que genera en el sector una expectativa de recuperaci\u00f3n del nivel de ventas, que hasta el momento no supera el 30% promedio respecto al existente hasta de que se pusiera en marcha la cuarentena el 20 de marzo pasado.<\/p>\n\n\n\n<p>En tanto, el Gobierno finalizar\u00e1 este lunes una ronda de di\u00e1logo con los gobernadores, previa a dar a conocer un paquete de 60 medidas dise\u00f1adas para la pospandemia, que incluye iniciativas gestadas desde las provincias para potenciar la matriz productiva y las econom\u00edas regionales, y que ser\u00e1 anunciado en los pr\u00f3ximos d\u00edas por el presidente Alberto Fern\u00e1ndez.<\/p>\n\n\n\n<p>Por su parte, la ministra de Desarrollo Territorial y H\u00e1bitat, Mar\u00eda Eugenia Bielsa, confirm\u00f3 en una entrevista con Radio Rivadavia que esta semana el Gobierno presentar\u00e1 el \u00abnuevo esquema del plan Procrear\u00bb, con el que el Estado \u00abvuelve a sus mejores pr\u00e1cticas\u00bb, que llevan \u00abde la mano de la vivienda el derecho al trabajo\u00bb de las personas.<\/p>\n\n\n\n<p>En el plano global, los principales rebrotes en Asia, Europa y Ocean\u00eda, junto a los masivas primeras olas en el continente americano, continuaron ayer empujando en alza la curva de mundial de la pandemia, que ya se acerca a los 18 millones de casos confirmados y supera los 686.800 muertos, seg\u00fan el recuento permanente de la universidad Johns Hopkins.<\/p>\n\n\n\n<p>El continente americano supera los 9,47 millones de casos, la mayor\u00eda en Latinoam\u00e9rica y el Caribe, y los 360.000 decesos por el virus, mientras que Europa suma unos 3,37 millones de casos y 213.284 muertes, seg\u00fan cifras de la Organizaci\u00f3n Mundial de la Salud (OMS).<\/p>\n\n\n\n<p>El pa\u00eds m\u00e1s afectado por la pandemia a nivel mundial, Estados Unidos, registra 4,66 millones de contagios de coronavirus y 154.793 decesos.<\/p>\n\n\n\n<p>En Sudam\u00e9rica, Chile roza los 360.000 casos y rebasa los 9.600 fallecidos por coronavirus, tras informar ayer 2.081 nuevos contagios y 75 decesos, y se mantiene en estado de cat\u00e1strofe, con paralizaci\u00f3n de las actividades no esenciales y toque de queda nocturno.<\/p>\n\n\n\n<p>En tanto, en Bolivia, que totaliza unos 78.900 infectados y supera los 3.000 fallecidos, prev\u00e9 que el pico llegar\u00e1 dentro de dos o tres meses.<\/p>\n\n\n\n<p>Adem\u00e1s, Colombia entr\u00f3 entre los 12 pa\u00edses m\u00e1s afectados del planeta al acumular m\u00e1s de 295.500 enfermos y 10.105 decesos, seg\u00fan estad\u00edsticas oficiales, y lo convierte en el quinto de Latinoam\u00e9rica tras Brasil, M\u00e9xico, Per\u00fa y Chile.<\/p>\n\n\n\n<p>En Asia, resulta alarmante el dr\u00e1stico repunte de casos en India, el tercer pa\u00eds del mundo con m\u00e1s contagios de coronavirus -solo superado por Estados Unidos y Brasil- en las \u00faltimas semanas.<\/p>\n\n\n\n<p>En tanto, en Ir\u00e1n, el Ministerio de Salud anunci\u00f3 ayer m\u00e1s de 2.600 enfermos, la mitad hospitalizada, y m\u00e1s de 200 fallecidos, lo que ratific\u00f3 la segunda ola en el pa\u00eds, donde los totales acumulados sobrepasan los 300.000 y 17.100, respectivamente.<\/p>\n\n\n\n<p>En Vietnam el rebrote de Covid-19 sigue en aumento, a pesar de haber sido destacado como ejemplo a nivel mundial por el \u00e9xito en la lucha contra el virus.<\/p>\n\n\n\n<p>Por su parte, las organizaciones m\u00e9dicas se pronunciaron contra el accionar de los Gobiernos en Turqu\u00eda y las filipinas, y exigieron medidas urgentes.<\/p>\n\n\n\n<p>En Europa, la segunda ola de contagios de coronavirus encontr\u00f3 eco en Alemania, pa\u00eds que ayer contabiliz\u00f3 240 nuevos afectados, una cifra muy por debajo de los 1.000 informados el s\u00e1bado que no se ve\u00eda desde mayo; sin embargo, los analistas consideraron que los bajos n\u00fameros responden a un procesamiento menor de testeos.<\/p>\n\n\n\n<p>Asimismo, en Espa\u00f1a, Catalu\u00f1a y el Pa\u00eds Vasco reportaron ayer en conjunto 1.643 infectados de la Covid-19 en el \u00faltimo d\u00eda, 118 m\u00e1s que los registrados en todo el pa\u00eds hace 48 horas.<\/p>\n\n\n\n<p>En Rusia, pese a contabilizar 5.427 afectados del coronavirus y ascender el total a unos 851.000, el Gobierno de la capital levant\u00f3 casi la totalidad de las medidas restrictivas, aunque mantiene el uso obligatorio de guantes y tapabocas en el transporte p\u00fablico.<\/p>\n","protected":false},"excerpt":{"rendered":"<p>Cincuenta y dos personas murieron y 5.376 fueron diagnosticados con coronavirus en las \u00faltimas 24&#8230;<\/p>\n","protected":false},"author":1,"featured_media":59656,"comment_status":"open","ping_status":"open","sticky":false,"template":"","format":"standard","meta":{"footnotes":""},"categories":[5],"tags":[],"class_list":["post-6972","post","type-post","status-publish","format-standard","has-post-thumbnail","hentry","category-el-pais"],"_links":{"self":[{"href":"https:\/\/conurbanodiario.com.ar\/index.php?rest_route=\/wp\/v2\/posts\/6972","targetHints":{"allow":["GET"]}}],"collection":[{"href":"https:\/\/conurbanodiario.com.ar\/index.php?rest_route=\/wp\/v2\/posts"}],"about":[{"href":"https:\/\/conurbanodiario.com.ar\/index.php?rest_route=\/wp\/v2\/types\/post"}],"author":[{"embeddable":true,"href":"https:\/\/conurbanodiario.com.ar\/index.php?rest_route=\/wp\/v2\/users\/1"}],"replies":[{"embeddable":true,"href":"https:\/\/conurbanodiario.com.ar\/index.php?rest_route=%2Fwp%2Fv2%2Fcomments&post=6972"}],"version-history":[{"count":1,"href":"https:\/\/conurbanodiario.com.ar\/index.php?rest_route=\/wp\/v2\/posts\/6972\/revisions"}],"predecessor-version":[{"id":6974,"href":"https:\/\/conurbanodiario.com.ar\/index.php?rest_route=\/wp\/v2\/posts\/6972\/revisions\/6974"}],"wp:featuredmedia":[{"embeddable":true,"href":"https:\/\/conurbanodiario.com.ar\/index.php?rest_route=\/wp\/v2\/media\/59656"}],"wp:attachment":[{"href":"https:\/\/conurbanodiario.com.ar\/index.php?rest_route=%2Fwp%2Fv2%2Fmedia&parent=6972"}],"wp:term":[{"taxonomy":"category","embeddable":true,"href":"https:\/\/conurbanodiario.com.ar\/index.php?rest_route=%2Fwp%2Fv2%2Fcategories&post=6972"},{"taxonomy":"post_tag","embeddable":true,"href":"https:\/\/conurbanodiario.com.ar\/index.php?rest_route=%2Fwp%2Fv2%2Ftags&post=6972"}],"curies":[{"name":"wp","href":"https:\/\/api.w.org\/{rel}","templated":true}]}}