{"id":6964,"date":"2020-08-03T03:06:00","date_gmt":"2020-08-03T06:06:00","guid":{"rendered":"http:\/\/conurbanodiario.com.ar\/?p=6964"},"modified":"2020-08-02T23:02:48","modified_gmt":"2020-08-03T02:02:48","slug":"el-zaguero-maximiliano-garcia-es-nueva-incorporacion-para-villa-dalmine","status":"publish","type":"post","link":"https:\/\/conurbanodiario.com.ar\/?p=6964","title":{"rendered":"EL ZAGUERO MAXIMILIANO GARC\u00cdA ES NUEVA INCORPORACI\u00d3N PARA VILLA D\u00c1LMINE"},"content":{"rendered":"\n<p>Villa D\u00e1lmine logr\u00f3 cerrar, en las \u00faltimas horas, la tercera incorporaci\u00f3n para su plantel de la Primera Nacional con la llegada del experimentado zaguero Maximiliano Garc\u00eda, que se desvincul\u00f3 de Comunicaciones, de la Primera B.<\/p>\n\n\n\n<p>Garc\u00eda, de 35 a\u00f1os, anteriormente tuvo paso por Almagro y Los Andes, entre otros, y se suma a las contrataciones de Enzo Fern\u00e1ndez (Sansinena, del Federal A) y Sergio Sosa (Berazategui, de la Primera C), adem\u00e1s del regreso de Francisco Nouet al club de Campana.<\/p>\n","protected":false},"excerpt":{"rendered":"<p>Villa D\u00e1lmine logr\u00f3 cerrar, en las \u00faltimas horas, la tercera incorporaci\u00f3n para su plantel de&#8230;<\/p>\n","protected":false},"author":1,"featured_media":59656,"comment_status":"open","ping_status":"open","sticky":false,"template":"","format":"standard","meta":{"footnotes":""},"categories":[32],"tags":[],"class_list":["post-6964","post","type-post","status-publish","format-standard","has-post-thumbnail","hentry","category-deportes"],"_links":{"self":[{"href":"https:\/\/conurbanodiario.com.ar\/index.php?rest_route=\/wp\/v2\/posts\/6964","targetHints":{"allow":["GET"]}}],"collection":[{"href":"https:\/\/conurbanodiario.com.ar\/index.php?rest_route=\/wp\/v2\/posts"}],"about":[{"href":"https:\/\/conurbanodiario.com.ar\/index.php?rest_route=\/wp\/v2\/types\/post"}],"author":[{"embeddable":true,"href":"https:\/\/conurbanodiario.com.ar\/index.php?rest_route=\/wp\/v2\/users\/1"}],"replies":[{"embeddable":true,"href":"https:\/\/conurbanodiario.com.ar\/index.php?rest_route=%2Fwp%2Fv2%2Fcomments&post=6964"}],"version-history":[{"count":1,"href":"https:\/\/conurbanodiario.com.ar\/index.php?rest_route=\/wp\/v2\/posts\/6964\/revisions"}],"predecessor-version":[{"id":6966,"href":"https:\/\/conurbanodiario.com.ar\/index.php?rest_route=\/wp\/v2\/posts\/6964\/revisions\/6966"}],"wp:featuredmedia":[{"embeddable":true,"href":"https:\/\/conurbanodiario.com.ar\/index.php?rest_route=\/wp\/v2\/media\/59656"}],"wp:attachment":[{"href":"https:\/\/conurbanodiario.com.ar\/index.php?rest_route=%2Fwp%2Fv2%2Fmedia&parent=6964"}],"wp:term":[{"taxonomy":"category","embeddable":true,"href":"https:\/\/conurbanodiario.com.ar\/index.php?rest_route=%2Fwp%2Fv2%2Fcategories&post=6964"},{"taxonomy":"post_tag","embeddable":true,"href":"https:\/\/conurbanodiario.com.ar\/index.php?rest_route=%2Fwp%2Fv2%2Ftags&post=6964"}],"curies":[{"name":"wp","href":"https:\/\/api.w.org\/{rel}","templated":true}]}}