{"id":6954,"date":"2020-07-30T03:28:00","date_gmt":"2020-07-30T06:28:00","guid":{"rendered":"http:\/\/conurbanodiario.com.ar\/?p=6954"},"modified":"2020-08-03T01:24:33","modified_gmt":"2020-08-03T04:24:33","slug":"un-joven-hallo-destruido-en-el-centro-de-quilmes-el-celular-del-abogado-desaparecido","status":"publish","type":"post","link":"https:\/\/conurbanodiario.com.ar\/?p=6954","title":{"rendered":"UN JOVEN HALL\u00d3 DESTRUIDO EN EL CENTRO DE QUILMES EL CELULAR DEL ABOGADO DESAPARECIDO"},"content":{"rendered":"\n<p>Un hombre hall\u00f3 en el centro de Quilmes el tel\u00e9fono destruido de Salvador Altamura, el abogado desaparecido hace 17 d\u00edas en la localidad bonaerense de Quilmes, y si bien la abogada de la familia hab\u00eda informado que hab\u00eda quedado detenido, fuentes judiciales aclararon que se trata de un testigo que colabor\u00f3 con la investigaci\u00f3n.<\/p>\n\n\n\n<p>\u00abNunca estuvo aprehendido, ni detenido. Se trata de un joven que explic\u00f3 que encontr\u00f3 el tel\u00e9fono destruido y como el chip a\u00fan ten\u00eda cr\u00e9dito y datos, lo utiliz\u00f3 en su celular\u00bb, explic\u00f3 esta noche a T\u00e9lam una fuente judicial.<\/p>\n\n\n\n<p>Esta ma\u00f1ana, la abogada Solange Alonso Barnetche, quien representa a la familia de Altamura, hab\u00eda informado a T\u00e9lam que ese joven de 24 a\u00f1os estaba \u00abdetenido\u00bb en el marco de la causa y que iba a tener que \u00abdar explicaciones para ver si est\u00e1 involucrado\u00bb en la desaparici\u00f3n del abogado.<\/p>\n\n\n\n<p>La fuente judicial consultada dej\u00f3 en claro que ese joven \u00absiempre fue testigo\u00bb e incluso hoy colabor\u00f3 con los detectives de la Delegaci\u00f3n Departamental de Investigaciones (DDI) de Quilmes en una serie de rastrillajes que se hicieron en el sitio del centro de Quilmes donde dijo haber encontrado el chip y descartado a la basura el aparato porque lo encontr\u00f3 destruido y no le serv\u00eda.<\/p>\n\n\n\n<p>El fiscal a cargo de la causa, Ariel Rivas, de la Unidad Funcional de Instrucci\u00f3n (UFI) 1 de Quilmes, tambi\u00e9n orden\u00f3 en los \u00faltimos d\u00edas una serie de rastrillajes en el Parque Pereyra Iraola ya que, hasta la aparici\u00f3n del testigo que aclar\u00f3 d\u00f3nde lo encontr\u00f3, en esa zona se hab\u00edan encendido el celular.<\/p>\n\n\n\n<p>\u00abHoy tambi\u00e9n hicimos rastrillajes en la Capital Federal con la colaboraci\u00f3n de la Polic\u00eda de la Ciudad y seguiremos ma\u00f1ana. Por ahora, sin resultados positivos\u00bb, agreg\u00f3 uno de los investigadores consultados.<\/p>\n\n\n\n<p>Alonso Barnetche inform\u00f3 que ayer surgi\u00f3 una nueva pista en el expediente para localizar la moto Honda CRF 250 roja y blanca, patente 942 LDP, con la que desapareci\u00f3 y qued\u00f3 filmado el abogado.<\/p>\n\n\n\n<p>\u00abSe est\u00e1 haciendo un rastrillaje por el barrio de San Telmo, cerca de la autopista 25 de Mayo, y por la zona de la Isla Maciel porque alguien llam\u00f3 para contar que estaban ofreciendo una moto de similares caracter\u00edsticas a muy bajo precio y sospechamos que sea la de Salvador\u00bb, afirm\u00f3 la abogada.<\/p>\n\n\n\n<p>Ser\u00eda la segunda vez que visualizan la moto que a\u00fan no pudo ser secuestrada, ya que al inicio de la investigaci\u00f3n, la Honda apareci\u00f3 abandonada y con la llave colocada en uno de los accesos de la villa Itat\u00ed de Quilmes, algo que llam\u00f3 la atenci\u00f3n de un vecino que le sac\u00f3 una foto y la subi\u00f3 a redes sociales.<\/p>\n\n\n\n<p>Pero cuando la Polic\u00eda la fue a secuestrar, ya la hab\u00edan robado y luego se pudo determinar que hab\u00eda sido usada el jueves 16 de este mes por dos motochorros que rompieron la ventanilla de un auto para robar un bolso en un hecho ocurrido en el centro del Quilmes.<\/p>\n\n\n\n<p>Sobre la principal hip\u00f3tesis que maneja la familia, Alonso Barnetche afirm\u00f3 que ellos creen que se trat\u00f3 de \u00abun secuestro, de alguien que retuvo a Salvador para ir a su casa y robar un dinero\u00bb y que esperan que pronto \u00abaparezca con vida\u00bb.<\/p>\n\n\n\n<p>\u00abSabemos que le robaron un dinero en d\u00f3lares que nadie sabe con precisi\u00f3n cu\u00e1nto es pero s\u00ed que era una suma importante que desapareci\u00f3 de la caja fuerte de su departamento\u00bb, indic\u00f3 la abogada.<\/p>\n\n\n\n<p>Ma\u00f1ana, a las 11, la familia Altamura convoc\u00f3 a una marcha frente a los tribunales de Quilmes, ubicados sobre la avenida Hip\u00f3lito Yrigoyen al 400 y Videla, para exigir por su \u00abaparici\u00f3n con vida\u00bb, seg\u00fan anunciaron en redes sociales.<\/p>\n\n\n\n<p>Salvador Altamura (48), era abogado pero no ejerc\u00eda la profesi\u00f3n, y en la actualidad corr\u00eda en forma amateur carreras de motociclismo, hab\u00eda vendido una empresa de polietileno y polipropileno, y actualmente continuaba con la importaci\u00f3n de las materias primas para ese rubro industrial.<\/p>\n\n\n\n<p>El \u00faltimo rastro que se tiene de Altamura es un video de una c\u00e1mara de seguridad que lo capt\u00f3 el lunes 13 de julio a las 18.06, cuando pasaba con su moto por el frente de su edificio de la calle 25 de mayo al 200, de Quilmes.<\/p>\n\n\n\n<p>Seg\u00fan lo que puede verse en las im\u00e1genes, a Altamura se lo ve llegar circulando, aminora la marcha y luego acelera y sigue de largo.<\/p>\n\n\n\n<p>Alrededor de las 4.30 de la madrugada del martes 14, las c\u00e1maras del edificio de Altamura captaron la imagen de la llegada de la moto Honda CRF 250 roja y blanca del abogado pero montada por otro hombre de distinta contextura f\u00edsica, ya que el abogado mide 1,90 metros y el que lleg\u00f3 en su moto era m\u00e1s bajo y m\u00e1s robusto, aunque usaba el mismo casco.<\/p>\n\n\n\n<p>Seg\u00fan denuncia la familia, esa persona permaneci\u00f3 cerca de una hora y media en el edificio y luego se retir\u00f3.<\/p>\n","protected":false},"excerpt":{"rendered":"<p>Un hombre hall\u00f3 en el centro de Quilmes el tel\u00e9fono destruido de Salvador Altamura, el&#8230;<\/p>\n","protected":false},"author":1,"featured_media":59656,"comment_status":"open","ping_status":"open","sticky":false,"template":"","format":"standard","meta":{"footnotes":""},"categories":[10],"tags":[],"class_list":["post-6954","post","type-post","status-publish","format-standard","has-post-thumbnail","hentry","category-seguridad"],"_links":{"self":[{"href":"https:\/\/conurbanodiario.com.ar\/index.php?rest_route=\/wp\/v2\/posts\/6954","targetHints":{"allow":["GET"]}}],"collection":[{"href":"https:\/\/conurbanodiario.com.ar\/index.php?rest_route=\/wp\/v2\/posts"}],"about":[{"href":"https:\/\/conurbanodiario.com.ar\/index.php?rest_route=\/wp\/v2\/types\/post"}],"author":[{"embeddable":true,"href":"https:\/\/conurbanodiario.com.ar\/index.php?rest_route=\/wp\/v2\/users\/1"}],"replies":[{"embeddable":true,"href":"https:\/\/conurbanodiario.com.ar\/index.php?rest_route=%2Fwp%2Fv2%2Fcomments&post=6954"}],"version-history":[{"count":1,"href":"https:\/\/conurbanodiario.com.ar\/index.php?rest_route=\/wp\/v2\/posts\/6954\/revisions"}],"predecessor-version":[{"id":6955,"href":"https:\/\/conurbanodiario.com.ar\/index.php?rest_route=\/wp\/v2\/posts\/6954\/revisions\/6955"}],"wp:featuredmedia":[{"embeddable":true,"href":"https:\/\/conurbanodiario.com.ar\/index.php?rest_route=\/wp\/v2\/media\/59656"}],"wp:attachment":[{"href":"https:\/\/conurbanodiario.com.ar\/index.php?rest_route=%2Fwp%2Fv2%2Fmedia&parent=6954"}],"wp:term":[{"taxonomy":"category","embeddable":true,"href":"https:\/\/conurbanodiario.com.ar\/index.php?rest_route=%2Fwp%2Fv2%2Fcategories&post=6954"},{"taxonomy":"post_tag","embeddable":true,"href":"https:\/\/conurbanodiario.com.ar\/index.php?rest_route=%2Fwp%2Fv2%2Ftags&post=6954"}],"curies":[{"name":"wp","href":"https:\/\/api.w.org\/{rel}","templated":true}]}}