{"id":6951,"date":"2020-07-30T15:24:00","date_gmt":"2020-07-30T18:24:00","guid":{"rendered":"http:\/\/conurbanodiario.com.ar\/?p=6951"},"modified":"2020-08-03T01:24:19","modified_gmt":"2020-08-03T04:24:19","slug":"choco-y-mato-a-un-automovilista-cuando-perseguia-en-contramano-a-un-motochorro","status":"publish","type":"post","link":"https:\/\/conurbanodiario.com.ar\/?p=6951","title":{"rendered":"CHOC\u00d3 Y MAT\u00d3 A UN AUTOMOVILISTA CUANDO PERSEGU\u00cdA EN CONTRAMANO A UN MOTOCHORRO"},"content":{"rendered":"\n<p>Un hombre de 37 a\u00f1os muri\u00f3 cuando el auto en el que viajaba fue chocado por otro veh\u00edculo, cuyo conductor ven\u00eda persiguiendo a alta velocidad y en contramano a un motochorro que acababa de robarle su tel\u00e9fono celular en la localidad bonaerense de Gerli, informaron hoy fuentes judiciales.<\/p>\n\n\n\n<p>El hecho ocurri\u00f3 esta tarde en el cruce de avenida Camino General Belgrano y Basavilbaso, en jurisdicci\u00f3n del mencionado distrito del partido de Avellaneda, en la zona sur del conurbano, y la Justicia orden\u00f3 en principio la detenci\u00f3n del conductor que provoc\u00f3 el accidente.<\/p>\n\n\n\n<p>Fuentes judiciales informaron a T\u00e9lam que todo comenz\u00f3 en Lan\u00fas cuando un delincuente que iba a bordo de una moto le sustrajo un tel\u00e9fono celular a un hombre que se movilizaba en un auto Chevrolet Cruze rojo.<\/p>\n\n\n\n<p>El damnificado, quien estaba junto a otro ocupante en el asiento del acompa\u00f1ante, tom\u00f3 la decisi\u00f3n de perseguir a alta velocidad al \u00abmotochorro\u00bb durante varias cuadras hasta que tom\u00f3 por contramano por la calle Basavilbaso.<\/p>\n\n\n\n<p>Seg\u00fan las fuentes, al llegar al cruce con el Camino General Belgrano, que es una avenida doble mano, el auto impact\u00f3 contra un Volkswagen Fox gris.<\/p>\n\n\n\n<p>A ra\u00edz del choque, el conductor de ese auto, identificado como Mauro Alberto Varela, sali\u00f3 despedido y muri\u00f3 casi en el acto, mientras que los otros dos ocupantes del Cruze rojo resultaron con heridas leves.<\/p>\n\n\n\n<p>El accidente qued\u00f3 registrado por una c\u00e1mara de seguridad de una estaci\u00f3n de servicio ubicada justo en esa esquina.<\/p>\n\n\n\n<p>En las im\u00e1genes se observa el paso de la moto a alta velocidad y contramano por Basavilbaso y 11 segundos despu\u00e9s el choque que deriv\u00f3 en el deceso de Varela, padre de una adolescente.<\/p>\n\n\n\n<p>Los dos heridos fueron trasladados al hospital Fiorito, donde iban a ser dados de alta en las pr\u00f3ximas horas.<\/p>\n\n\n\n<p>La fiscal Solange C\u00e1ceres, a cargo de la Unidad Funcional de Instrucci\u00f3n (UFI) 3 descentralizada en Avellaneda, Departamento Judicial Lomas de Zamora, dispuso la aprehensi\u00f3n del conductor del Cruze, llamado Luciano Rodr\u00edguez.<\/p>\n\n\n\n<p>Las fuentes a\u00f1adieron que posiblemente el viernes sea indagado por el delito de \u00abhomicidio culposo agravado\u00bb.<\/p>\n","protected":false},"excerpt":{"rendered":"<p>Un hombre de 37 a\u00f1os muri\u00f3 cuando el auto en el que viajaba fue chocado&#8230;<\/p>\n","protected":false},"author":1,"featured_media":59656,"comment_status":"open","ping_status":"open","sticky":false,"template":"","format":"standard","meta":{"footnotes":""},"categories":[10],"tags":[],"class_list":["post-6951","post","type-post","status-publish","format-standard","has-post-thumbnail","hentry","category-seguridad"],"_links":{"self":[{"href":"https:\/\/conurbanodiario.com.ar\/index.php?rest_route=\/wp\/v2\/posts\/6951","targetHints":{"allow":["GET"]}}],"collection":[{"href":"https:\/\/conurbanodiario.com.ar\/index.php?rest_route=\/wp\/v2\/posts"}],"about":[{"href":"https:\/\/conurbanodiario.com.ar\/index.php?rest_route=\/wp\/v2\/types\/post"}],"author":[{"embeddable":true,"href":"https:\/\/conurbanodiario.com.ar\/index.php?rest_route=\/wp\/v2\/users\/1"}],"replies":[{"embeddable":true,"href":"https:\/\/conurbanodiario.com.ar\/index.php?rest_route=%2Fwp%2Fv2%2Fcomments&post=6951"}],"version-history":[{"count":1,"href":"https:\/\/conurbanodiario.com.ar\/index.php?rest_route=\/wp\/v2\/posts\/6951\/revisions"}],"predecessor-version":[{"id":6953,"href":"https:\/\/conurbanodiario.com.ar\/index.php?rest_route=\/wp\/v2\/posts\/6951\/revisions\/6953"}],"wp:featuredmedia":[{"embeddable":true,"href":"https:\/\/conurbanodiario.com.ar\/index.php?rest_route=\/wp\/v2\/media\/59656"}],"wp:attachment":[{"href":"https:\/\/conurbanodiario.com.ar\/index.php?rest_route=%2Fwp%2Fv2%2Fmedia&parent=6951"}],"wp:term":[{"taxonomy":"category","embeddable":true,"href":"https:\/\/conurbanodiario.com.ar\/index.php?rest_route=%2Fwp%2Fv2%2Fcategories&post=6951"},{"taxonomy":"post_tag","embeddable":true,"href":"https:\/\/conurbanodiario.com.ar\/index.php?rest_route=%2Fwp%2Fv2%2Ftags&post=6951"}],"curies":[{"name":"wp","href":"https:\/\/api.w.org\/{rel}","templated":true}]}}