{"id":6947,"date":"2020-07-31T15:15:24","date_gmt":"2020-07-31T18:15:24","guid":{"rendered":"http:\/\/conurbanodiario.com.ar\/?p=6947"},"modified":"2020-07-31T15:15:25","modified_gmt":"2020-07-31T18:15:25","slug":"siguen-los-operativos-de-rastreo-en-barrios-varelenses","status":"publish","type":"post","link":"https:\/\/conurbanodiario.com.ar\/?p=6947","title":{"rendered":"SIGUEN LOS OPERATIVOS DE RASTREO EN BARRIOS  VARELENSES"},"content":{"rendered":"\n<p>El Municipio contin\u00faa llevando a los diferentes barrios los operativos de rastreo que buscan personas sintom\u00e1ticas de Covid-19. En la jornada de ayer, los mismos tuvieron lugar de manera simult\u00e1nea en los barrios Villa del Plata y Santo Tom\u00e1s.<\/p>\n\n\n\n<p>Como parte de las medidas preventivas impulsadas por el intendente Andr\u00e9s Watson en el marco de la emergencia sanitaria por la pandemia del Coronavirus, la Comuna realiza estos rastrillajes que implican una b\u00fasqueda activa de casos sospechosos, teniendo como principal objetivo una detecci\u00f3n precoz, el cuidado de casos confirmados, el aislamiento correspondiente y lograr as\u00ed minimizar la trasmisi\u00f3n del virus.<\/p>\n\n\n\n<p>Como en cada una de los operativos, se realiza&nbsp; el control de temperatura a cada integrante de la familia y en los casos que presentaran s\u00edntomas, se les garantiza la realizaci\u00f3n del hisopado correspondiente para confirmar su estado de salud.&nbsp; Adem\u00e1s,&nbsp; se orienta a los vecinos en la prevenci\u00f3n del Coronavirus y se&nbsp; lleva adelante un cuestionario socio-sanitario.<\/p>\n\n\n\n<p>Esta tarea territorial se realiza con los equipos de salud de los CAPS, con los Promotores de salud, enfermeras\/os y autoridades de la cartera sanitaria. Adem\u00e1s, el abordaje territorial de estos operativos se coordina en forma integral y conjunta con las \u00e1reas de Seguridad, Defensa Civil, Guardia Comunal, Desarrollo social y dem\u00e1s \u00e1reas que sean necesarias para atender las diversas situaciones&nbsp; de las familias que sean requeridas.<\/p>\n\n\n\n<p>Cabe aclarar que para seguridad de todos, el equipo que realiza la visita domiciliaria no ingresa a los domicilios.<\/p>\n","protected":false},"excerpt":{"rendered":"<p>El Municipio contin\u00faa llevando a los diferentes barrios los operativos de rastreo que buscan personas&#8230;<\/p>\n","protected":false},"author":1,"featured_media":59656,"comment_status":"open","ping_status":"open","sticky":false,"template":"","format":"standard","meta":{"footnotes":""},"categories":[31],"tags":[],"class_list":["post-6947","post","type-post","status-publish","format-standard","has-post-thumbnail","hentry","category-salud"],"_links":{"self":[{"href":"https:\/\/conurbanodiario.com.ar\/index.php?rest_route=\/wp\/v2\/posts\/6947","targetHints":{"allow":["GET"]}}],"collection":[{"href":"https:\/\/conurbanodiario.com.ar\/index.php?rest_route=\/wp\/v2\/posts"}],"about":[{"href":"https:\/\/conurbanodiario.com.ar\/index.php?rest_route=\/wp\/v2\/types\/post"}],"author":[{"embeddable":true,"href":"https:\/\/conurbanodiario.com.ar\/index.php?rest_route=\/wp\/v2\/users\/1"}],"replies":[{"embeddable":true,"href":"https:\/\/conurbanodiario.com.ar\/index.php?rest_route=%2Fwp%2Fv2%2Fcomments&post=6947"}],"version-history":[{"count":1,"href":"https:\/\/conurbanodiario.com.ar\/index.php?rest_route=\/wp\/v2\/posts\/6947\/revisions"}],"predecessor-version":[{"id":6950,"href":"https:\/\/conurbanodiario.com.ar\/index.php?rest_route=\/wp\/v2\/posts\/6947\/revisions\/6950"}],"wp:featuredmedia":[{"embeddable":true,"href":"https:\/\/conurbanodiario.com.ar\/index.php?rest_route=\/wp\/v2\/media\/59656"}],"wp:attachment":[{"href":"https:\/\/conurbanodiario.com.ar\/index.php?rest_route=%2Fwp%2Fv2%2Fmedia&parent=6947"}],"wp:term":[{"taxonomy":"category","embeddable":true,"href":"https:\/\/conurbanodiario.com.ar\/index.php?rest_route=%2Fwp%2Fv2%2Fcategories&post=6947"},{"taxonomy":"post_tag","embeddable":true,"href":"https:\/\/conurbanodiario.com.ar\/index.php?rest_route=%2Fwp%2Fv2%2Ftags&post=6947"}],"curies":[{"name":"wp","href":"https:\/\/api.w.org\/{rel}","templated":true}]}}