{"id":6944,"date":"2020-07-31T14:53:26","date_gmt":"2020-07-31T17:53:26","guid":{"rendered":"http:\/\/conurbanodiario.com.ar\/?p=6944"},"modified":"2020-08-03T01:24:54","modified_gmt":"2020-08-03T04:24:54","slug":"alberto-fernandez-hasta-el-16-de-agosto-vamos-a-mantener-las-cosas-como-estan-hoy","status":"publish","type":"post","link":"https:\/\/conurbanodiario.com.ar\/?p=6944","title":{"rendered":"ALBERTO FERN\u00c1NDEZ: \u00abHASTA EL 16 DE AGOSTO VAMOS A MANTENER LAS COSAS COMO EST\u00c1N HOY\u00bb"},"content":{"rendered":"\n<p>El presidente Alberto Fern\u00e1ndez asegur\u00f3 hoy que \u00abhasta el 16 de agosto vamos a mantener las cosas como hasta ahora\u00bb al explicar c\u00f3mo contin\u00faa el aislamiento de cara a la propagaci\u00f3n de la pandemia de coronavirus.<\/p>\n\n\n\n<p>El mandatario afirm\u00f3 que \u201cel sistema de salud est\u00e1 funcionando y da respuesta porque la Argentina se ha preparado para enfrentar\u201d la pandemia de coronavirus, al comunicar desde la Residencia de Olivos la extensi\u00f3n de la cuarentena, en un anuncio que formul\u00f3 junto al gobernador de la provincia de Buenos Aires, Axel Kicillof, y al jefe de Gobierno porte\u00f1o, Horacio Rodr\u00edguez Larreta.<\/p>\n\n\n\n<p>El Presidente asegur\u00f3 que \u00abno estamos ante una gripe m\u00e1s\u00bb y la \u00fanica forma es \u00abcuidarnos nosotros\u00bb porque no hay vacuna contra el coronavirus, al plantear un panorama en el que los contagios si bien se concentran en el AMBA, irradia a provincias como el sur de Santa Fe, Entre R\u00edos y C\u00f3rdoba y focos en el interior del pa\u00eds, como Jujuy, Chaco y R\u00edo Negro, en el anuncio sobre la continuidad de la cuarentena que encabezaba desde la residencia de Olivos.<\/p>\n\n\n\n<p>El mandatario convoc\u00f3 a \u00abcuidar nuestras vidas y la de los otros\u00bb, a \u00abno contagiarnos y no contagiar\u00bb, y a que \u00ablo hagamos por decisi\u00f3n propia\u00bb, porque \u00abno estamos hablando de cu\u00e1n libres somos\u00bb.<\/p>\n\n\n\n<p>Asegur\u00f3 que \u00abquitar la restricci\u00f3n de quedarnos en casa tiene costos si no somos responsables\u00bb y record\u00f3 que el promedio diario de muertos por coronavirus es de 90 casos, lo que es \u00abpreocupante\u00bb.<\/p>\n\n\n\n<p>Por otro lado,Alberto Fern\u00e1ndez pidi\u00f3 a los j\u00f3venes \u00abhacer el esfuerzo\u00bb de no reunirse porque \u00abla picard\u00eda de una fiesta\u00bb o cualquier otro tipo de exposici\u00f3n tiene \u00abun gran riesgo\u00bb porque \u00abse contagian\u00bb, pero adem\u00e1s \u00abcuando contagian a los adultos mayores la enfermedad es impiadosa\u00bb con ellos.<\/p>\n\n\n\n<p>Adem\u00e1s, expres\u00f3 su empat\u00eda con ellos y el resto de la poblaci\u00f3n que extra\u00f1a las reuniones familiares y de amigos.<\/p>\n","protected":false},"excerpt":{"rendered":"<p>El presidente Alberto Fern\u00e1ndez asegur\u00f3 hoy que \u00abhasta el 16 de agosto vamos a mantener&#8230;<\/p>\n","protected":false},"author":1,"featured_media":59656,"comment_status":"open","ping_status":"open","sticky":false,"template":"","format":"standard","meta":{"footnotes":""},"categories":[5],"tags":[],"class_list":["post-6944","post","type-post","status-publish","format-standard","has-post-thumbnail","hentry","category-el-pais"],"_links":{"self":[{"href":"https:\/\/conurbanodiario.com.ar\/index.php?rest_route=\/wp\/v2\/posts\/6944","targetHints":{"allow":["GET"]}}],"collection":[{"href":"https:\/\/conurbanodiario.com.ar\/index.php?rest_route=\/wp\/v2\/posts"}],"about":[{"href":"https:\/\/conurbanodiario.com.ar\/index.php?rest_route=\/wp\/v2\/types\/post"}],"author":[{"embeddable":true,"href":"https:\/\/conurbanodiario.com.ar\/index.php?rest_route=\/wp\/v2\/users\/1"}],"replies":[{"embeddable":true,"href":"https:\/\/conurbanodiario.com.ar\/index.php?rest_route=%2Fwp%2Fv2%2Fcomments&post=6944"}],"version-history":[{"count":1,"href":"https:\/\/conurbanodiario.com.ar\/index.php?rest_route=\/wp\/v2\/posts\/6944\/revisions"}],"predecessor-version":[{"id":6946,"href":"https:\/\/conurbanodiario.com.ar\/index.php?rest_route=\/wp\/v2\/posts\/6944\/revisions\/6946"}],"wp:featuredmedia":[{"embeddable":true,"href":"https:\/\/conurbanodiario.com.ar\/index.php?rest_route=\/wp\/v2\/media\/59656"}],"wp:attachment":[{"href":"https:\/\/conurbanodiario.com.ar\/index.php?rest_route=%2Fwp%2Fv2%2Fmedia&parent=6944"}],"wp:term":[{"taxonomy":"category","embeddable":true,"href":"https:\/\/conurbanodiario.com.ar\/index.php?rest_route=%2Fwp%2Fv2%2Fcategories&post=6944"},{"taxonomy":"post_tag","embeddable":true,"href":"https:\/\/conurbanodiario.com.ar\/index.php?rest_route=%2Fwp%2Fv2%2Ftags&post=6944"}],"curies":[{"name":"wp","href":"https:\/\/api.w.org\/{rel}","templated":true}]}}