{"id":6935,"date":"2020-07-31T14:21:57","date_gmt":"2020-07-31T17:21:57","guid":{"rendered":"http:\/\/conurbanodiario.com.ar\/?p=6935"},"modified":"2020-07-31T14:21:57","modified_gmt":"2020-07-31T17:21:57","slug":"entrega-de-insumos-a-productores-rurales-de-ingeniero-allan","status":"publish","type":"post","link":"https:\/\/conurbanodiario.com.ar\/?p=6935","title":{"rendered":"ENTREGA DE INSUMOS A PRODUCTORES RURALES DE INGENIERO ALLAN"},"content":{"rendered":"\n<p>El secretario de Industria y Desarrollo Productivo de Florencio Varela,Ricardo de la Fuente, remarc\u00f3 el acompa\u00f1amiento recibido tanto desde la gobernaci\u00f3n provincial como del Estado Nacional para fortalecer las pol\u00edticas implementadas por el intendente municipal Andr\u00e9s Watson, y destac\u00f3 la importancia de la jornada, ya que los insumos son las herramientas de trabajo para los productores. Similares entregas se hicieron anteriormente en los barrios de Villa San Juan y La Colonia, y hoy fue el turno de Ingeniero Allan.<\/p>\n\n\n\n<p>El subsecretario de Desarrollo Agrario y Calidad Agroalimentaria, Cristian Amarilla explic\u00f3 que la agrolog\u00eda es una alternativa productiva sustentable, y que en t\u00e9rminos econ\u00f3micos es mucho mejor para las familias porque reduce costos y mejora las condiciones relacionadas al trabajo.<\/p>\n\n\n\n<p>Expres\u00f3 adem\u00e1s que: \u201cen el marco del programa Alimentos Bonaerenses estamos implementando el programa provincial de fomento a la agrolog\u00eda, nos pusimos en contacto con el intendente, Andr\u00e9s Watson, y r\u00e1pidamente a disposici\u00f3n del trabajo coordinado\u201d.<\/p>\n\n\n\n<p>\u201cContar con instrumentos de higiene y prevenci\u00f3n sanitaria es fundamental sobre todo en los lugares m\u00e1s alejados del casco c\u00e9ntrico porque sabemos las dificultades que generan las distancias, por ejemplo, para llegar a los centros de salud\u201d detall\u00f3 GildoOnorato, Presidente de la Federaci\u00f3n de las Cooperativas de Trabajo Evita y Dirigente de la Uni\u00f3n de trabajadores de la econom\u00eda popular.<\/p>\n\n\n\n<p>Por su parte, el subsecretario de Econom\u00eda Popular de Provincia Buenos Aires, Federico Hugo, afirm\u00f3: \u201cEsta jornada tiene un doble objetivo, cuidar la salud de los productores y proteger su tarea productiva para que puedan seguir trabajando\u201d.<\/p>\n\n\n\n<p>Jornada de vacunaci\u00f3n<\/p>\n\n\n\n<p>En el marco de la emergencia sanitaria por Covid-19, y en un trabajo conjunto con el Ministerio de Salud de la Naci\u00f3n, el Municipio, a trav\u00e9s de las Secretar\u00edas de Salud e Industria y Desarrollo Productivo, vacun\u00f3 a los vecinos que se acercaron al lugar, contra la Neumo, Antigripal, Neumo23, Hepatitis y calendario completo. Adem\u00e1s, los productores rurales recibieron asesoramiento e informaci\u00f3n general sobre las distintas acciones de prevenci\u00f3n.<\/p>\n","protected":false},"excerpt":{"rendered":"<p>El secretario de Industria y Desarrollo Productivo de Florencio Varela,Ricardo de la Fuente, remarc\u00f3 el&#8230;<\/p>\n","protected":false},"author":1,"featured_media":59656,"comment_status":"open","ping_status":"open","sticky":false,"template":"","format":"standard","meta":{"footnotes":""},"categories":[3],"tags":[],"class_list":["post-6935","post","type-post","status-publish","format-standard","has-post-thumbnail","hentry","category-informacion-general"],"_links":{"self":[{"href":"https:\/\/conurbanodiario.com.ar\/index.php?rest_route=\/wp\/v2\/posts\/6935","targetHints":{"allow":["GET"]}}],"collection":[{"href":"https:\/\/conurbanodiario.com.ar\/index.php?rest_route=\/wp\/v2\/posts"}],"about":[{"href":"https:\/\/conurbanodiario.com.ar\/index.php?rest_route=\/wp\/v2\/types\/post"}],"author":[{"embeddable":true,"href":"https:\/\/conurbanodiario.com.ar\/index.php?rest_route=\/wp\/v2\/users\/1"}],"replies":[{"embeddable":true,"href":"https:\/\/conurbanodiario.com.ar\/index.php?rest_route=%2Fwp%2Fv2%2Fcomments&post=6935"}],"version-history":[{"count":1,"href":"https:\/\/conurbanodiario.com.ar\/index.php?rest_route=\/wp\/v2\/posts\/6935\/revisions"}],"predecessor-version":[{"id":6937,"href":"https:\/\/conurbanodiario.com.ar\/index.php?rest_route=\/wp\/v2\/posts\/6935\/revisions\/6937"}],"wp:featuredmedia":[{"embeddable":true,"href":"https:\/\/conurbanodiario.com.ar\/index.php?rest_route=\/wp\/v2\/media\/59656"}],"wp:attachment":[{"href":"https:\/\/conurbanodiario.com.ar\/index.php?rest_route=%2Fwp%2Fv2%2Fmedia&parent=6935"}],"wp:term":[{"taxonomy":"category","embeddable":true,"href":"https:\/\/conurbanodiario.com.ar\/index.php?rest_route=%2Fwp%2Fv2%2Fcategories&post=6935"},{"taxonomy":"post_tag","embeddable":true,"href":"https:\/\/conurbanodiario.com.ar\/index.php?rest_route=%2Fwp%2Fv2%2Ftags&post=6935"}],"curies":[{"name":"wp","href":"https:\/\/api.w.org\/{rel}","templated":true}]}}