{"id":6929,"date":"2020-07-31T14:06:39","date_gmt":"2020-07-31T17:06:39","guid":{"rendered":"http:\/\/conurbanodiario.com.ar\/?p=6929"},"modified":"2020-07-31T14:06:40","modified_gmt":"2020-07-31T17:06:40","slug":"las-fuerzas-federales-refuerzan-el-trabajo-de-vigilancia-y-prevencion-del-delito-en-avellaneda","status":"publish","type":"post","link":"https:\/\/conurbanodiario.com.ar\/?p=6929","title":{"rendered":"LAS FUERZAS FEDERALES REFUERZAN EL TRABAJO DE VIGILANCIA Y PREVENCI\u00d3N DEL DELITO EN AVELLANEDA"},"content":{"rendered":"\n<p>La Municipalidad de Avellaneda, en articulaci\u00f3n con los Ministerios de Seguridad de la Naci\u00f3n y de la Provincia de Buenos Aires, trabaj\u00f3 en la planificaci\u00f3n del despliegue de los agentes de la Prefectura Naval Argentina que, desde el viernes pasado, realizan tareas de patrullaje y prevenci\u00f3n en las calles de nuestra ciudad.<\/p>\n\n\n\n<p>La organizaci\u00f3n de los operativos preventivos se realiza en el marco de la mesa de coordinaci\u00f3n permanente, integrada por los responsables de las diferentes fuerzas y la Secretar\u00eda de Seguridad Ciudadana de este municipio, encargados de la elaboraci\u00f3n del Plan Integral de Seguridad para el partido de Avellaneda.<\/p>\n\n\n\n<p>Dicho plan, se construye a partir de los mapas de delitos, contravenciones, violencias y conflictividades,&nbsp;teniendo en cuenta los hechos denunciados, los informados por el sistema de emergencias 911 y las preocupaciones de nuestros vecinos y vecinas.<\/p>\n\n\n\n<p>Los \u00faltimos datos arrojaron un alza de eventos ocurridos durante la primera quincena del mes de julio, en especial aquellos vinculados a delitos contra la propiedad, que condujeron a la modificaci\u00f3n de los dispositivos hacia las zonas m\u00e1s afectadas. En efecto, si bien uno de los principales objetivos contin\u00faa siendo el control del aislamiento social preventivo y obligatorio, a\u00fan vigente, los patrullajes reactivos y preventivos son modificados peri\u00f3dicamente de acuerdo a la din\u00e1mica, y posterior evaluaci\u00f3n, de la totalidad de los eventos descriptos.<\/p>\n\n\n\n<p>Cabe destacar que la Resoluci\u00f3n 341\/20 del Ministerio de Seguridad de la Provincia de Buenos Aires, del 14 de mayo pasado, reconoci\u00f3 el rol protag\u00f3nico que tienen los gobiernos municipales en la gesti\u00f3n local de las pol\u00edticas de seguridad ciudadana.<\/p>\n\n\n\n<p>En este sentido, equipos municipales vinculados al control de faltas y contravenciones, como Cuidadores Ciudadanos, y&nbsp;recursos estrat\u00e9gicos volcados a la video-vigilancia y las comunicaciones, como el Centro de Monitoreo, optimizan sus capacidades al articular con mayor eficacia sus funciones con las fuerzas de seguridad provinciales y nacionales desplegadas en nuestro territorio.<\/p>\n","protected":false},"excerpt":{"rendered":"<p>La Municipalidad de Avellaneda, en articulaci\u00f3n con los Ministerios de Seguridad de la Naci\u00f3n y&#8230;<\/p>\n","protected":false},"author":1,"featured_media":59656,"comment_status":"open","ping_status":"open","sticky":false,"template":"","format":"standard","meta":{"footnotes":""},"categories":[10],"tags":[],"class_list":["post-6929","post","type-post","status-publish","format-standard","has-post-thumbnail","hentry","category-seguridad"],"_links":{"self":[{"href":"https:\/\/conurbanodiario.com.ar\/index.php?rest_route=\/wp\/v2\/posts\/6929","targetHints":{"allow":["GET"]}}],"collection":[{"href":"https:\/\/conurbanodiario.com.ar\/index.php?rest_route=\/wp\/v2\/posts"}],"about":[{"href":"https:\/\/conurbanodiario.com.ar\/index.php?rest_route=\/wp\/v2\/types\/post"}],"author":[{"embeddable":true,"href":"https:\/\/conurbanodiario.com.ar\/index.php?rest_route=\/wp\/v2\/users\/1"}],"replies":[{"embeddable":true,"href":"https:\/\/conurbanodiario.com.ar\/index.php?rest_route=%2Fwp%2Fv2%2Fcomments&post=6929"}],"version-history":[{"count":1,"href":"https:\/\/conurbanodiario.com.ar\/index.php?rest_route=\/wp\/v2\/posts\/6929\/revisions"}],"predecessor-version":[{"id":6931,"href":"https:\/\/conurbanodiario.com.ar\/index.php?rest_route=\/wp\/v2\/posts\/6929\/revisions\/6931"}],"wp:featuredmedia":[{"embeddable":true,"href":"https:\/\/conurbanodiario.com.ar\/index.php?rest_route=\/wp\/v2\/media\/59656"}],"wp:attachment":[{"href":"https:\/\/conurbanodiario.com.ar\/index.php?rest_route=%2Fwp%2Fv2%2Fmedia&parent=6929"}],"wp:term":[{"taxonomy":"category","embeddable":true,"href":"https:\/\/conurbanodiario.com.ar\/index.php?rest_route=%2Fwp%2Fv2%2Fcategories&post=6929"},{"taxonomy":"post_tag","embeddable":true,"href":"https:\/\/conurbanodiario.com.ar\/index.php?rest_route=%2Fwp%2Fv2%2Ftags&post=6929"}],"curies":[{"name":"wp","href":"https:\/\/api.w.org\/{rel}","templated":true}]}}