{"id":6926,"date":"2020-07-31T12:58:02","date_gmt":"2020-07-31T15:58:02","guid":{"rendered":"http:\/\/conurbanodiario.com.ar\/?p=6926"},"modified":"2020-07-31T12:58:03","modified_gmt":"2020-07-31T15:58:03","slug":"aumento-a-municipales-somos-conscientes-de-la-crisis-pero-no-deja-de-ser-insuficiente-sostuvo-arevalo","status":"publish","type":"post","link":"https:\/\/conurbanodiario.com.ar\/?p=6926","title":{"rendered":"AUMENTO A MUNICIPALES: \u00abSOMOS CONSCIENTES DE LA CRISIS PERO NO DEJA DE SER INSUFICIENTE\u00bb, SOSTUVO AR\u00c9VALO"},"content":{"rendered":"\n<p>El Secretario General de ATE Quilmes, Claudio Ar\u00e9valo, fue informado por funcionario del Municipio de Quilmes que la intendenta Mayra Mendoza otorgar\u00e1, por decreto, a todos los\/as trabajadores\/as municipales -tanto a quienes est\u00e1n dentro de la planta permanente como a los mensualizados- un aumento de un 15,5% en los haberes b\u00e1sicos del personal de manera escalonada:<\/p>\n\n\n\n<ul class=\"wp-block-list\"><li>10% en el mes de agosto<\/li><\/ul>\n\n\n\n<ul class=\"wp-block-list\"><li>5.5% acumulativo en el mes de octubre<\/li><\/ul>\n\n\n\n<p>Adem\u00e1s se incrementar\u00e1n en los mismos porcentajes las bonificaciones de monto fijo, como as\u00ed tambi\u00e9n se otorgar\u00e1 un incremento porcentualmente mayor para una serie de cargos que se encuentran por debajo del Salario M\u00ednimo Vital y M\u00f3vil (alcanzar\u00e1 a aquellos trabajadores\/as que percib\u00edan la garant\u00eda salarial).<br>\u00abEntendemos el esfuerzo de parte del Municipio y somos conscientes de la crisis econ\u00f3mica que, a ra\u00edz de la pandemia atraviesa nuestro pa\u00eds, pero no deja de ser insuficiente el aumento mencionado anteriormente, ya que hemos perdido un 35% del poder adquisitivo de nuestros salarios en lo que va del a\u00f1o, sumando al 12% perdido de recorte salarial durante la gesti\u00f3n de Martiniano Molina\u00bb, asegur\u00f3 Ar\u00e9valo al tiempo que indic\u00f3: \u00abNuestra organizaci\u00f3n solicitar\u00e1 a la intendenta municipal Mayra Mendoza que, cuando est\u00e9n dadas las condiciones, seamos convocados de manera urgente a mesa Paritaria para discutir no solamente el aumento del sueldo, sino tambi\u00e9n pases a planta permanente, que los contratos sean semestrales, estabilidad laboral, indumentaria de trabajo y las recategoriaciones. Adem\u00e1s, pago del bono de $5000 -durante cuatro meses consecutivos-, otorgado por decreto presidencial para todo el personal de salud\u00bb.<\/p>\n\n\n\n<p>Y agreg\u00f3: \u00abDesde ATE Quilmes reiteramos el pedido de la compulsa de padrones con el otro gremio (STMQ) para determinar cantidad de afiliados correspondiente a cada sindicato. Creemos que, para transparencia de ello, cuando se convoque a mesa Paritaria debe figurar la cantidad de afiliados de cada gremio tiene para definir el aumento de los\/as empleados\/as municipales. Entendemos que el STMQ no puede tener 4 paritarios y que ATE Quilmes posea solamente uno, sabiendo que nosotros obtenemos un porcentaje muy elevado de afiliados\u00bb.<\/p>\n","protected":false},"excerpt":{"rendered":"<p>El Secretario General de ATE Quilmes, Claudio Ar\u00e9valo, fue informado por funcionario del Municipio de&#8230;<\/p>\n","protected":false},"author":1,"featured_media":59656,"comment_status":"open","ping_status":"open","sticky":false,"template":"","format":"standard","meta":{"footnotes":""},"categories":[30],"tags":[],"class_list":["post-6926","post","type-post","status-publish","format-standard","has-post-thumbnail","hentry","category-gremiales"],"_links":{"self":[{"href":"https:\/\/conurbanodiario.com.ar\/index.php?rest_route=\/wp\/v2\/posts\/6926","targetHints":{"allow":["GET"]}}],"collection":[{"href":"https:\/\/conurbanodiario.com.ar\/index.php?rest_route=\/wp\/v2\/posts"}],"about":[{"href":"https:\/\/conurbanodiario.com.ar\/index.php?rest_route=\/wp\/v2\/types\/post"}],"author":[{"embeddable":true,"href":"https:\/\/conurbanodiario.com.ar\/index.php?rest_route=\/wp\/v2\/users\/1"}],"replies":[{"embeddable":true,"href":"https:\/\/conurbanodiario.com.ar\/index.php?rest_route=%2Fwp%2Fv2%2Fcomments&post=6926"}],"version-history":[{"count":1,"href":"https:\/\/conurbanodiario.com.ar\/index.php?rest_route=\/wp\/v2\/posts\/6926\/revisions"}],"predecessor-version":[{"id":6928,"href":"https:\/\/conurbanodiario.com.ar\/index.php?rest_route=\/wp\/v2\/posts\/6926\/revisions\/6928"}],"wp:featuredmedia":[{"embeddable":true,"href":"https:\/\/conurbanodiario.com.ar\/index.php?rest_route=\/wp\/v2\/media\/59656"}],"wp:attachment":[{"href":"https:\/\/conurbanodiario.com.ar\/index.php?rest_route=%2Fwp%2Fv2%2Fmedia&parent=6926"}],"wp:term":[{"taxonomy":"category","embeddable":true,"href":"https:\/\/conurbanodiario.com.ar\/index.php?rest_route=%2Fwp%2Fv2%2Fcategories&post=6926"},{"taxonomy":"post_tag","embeddable":true,"href":"https:\/\/conurbanodiario.com.ar\/index.php?rest_route=%2Fwp%2Fv2%2Ftags&post=6926"}],"curies":[{"name":"wp","href":"https:\/\/api.w.org\/{rel}","templated":true}]}}