{"id":6917,"date":"2020-07-30T03:05:00","date_gmt":"2020-07-30T06:05:00","guid":{"rendered":"http:\/\/conurbanodiario.com.ar\/?p=6917"},"modified":"2020-07-30T15:22:04","modified_gmt":"2020-07-30T18:22:04","slug":"quilmes-nuevos-canales-de-atencion-al-vecino-de-la-secretaria-de-ninez-y-desarrollo-social","status":"publish","type":"post","link":"https:\/\/conurbanodiario.com.ar\/?p=6917","title":{"rendered":"QUILMES: NUEVOS CANALES DE ATENCI\u00d3N AL VECINO DE LA SECRETAR\u00cdA DE NI\u00d1EZ Y DESARROLLO SOCIAL"},"content":{"rendered":"\n<p>El Municipio de Quilmes informa que la sede de la Secretar\u00eda de Ni\u00f1ez y Desarrollo Social de la avenida Hip\u00f3lito Yrigoyen 273, en pos de resguardar la salud de los trabajadores y ciudadanos que acuden all\u00ed, permanecer\u00e1 cerrada hasta el viernes 7 de agosto inclusive. En funci\u00f3n de esta coyuntura, la Secretar\u00eda ha dispuesto nuevos canales de atenci\u00f3n al vecino, a fin de sostener el acceso a prestaciones esenciales.<\/p>\n\n\n\n<p>Para las prestaciones de Sepelios Sociales, bolsas de Colostom\u00eda y leches maternizadas o especiales, comunicarse al n\u00famero 11-4191-9557, de lunes a viernes de 9 a 15.&nbsp; Asimismo, para consultas para el \u00e1rea de Discapacidad de la Secretar\u00eda, se pueden comunicar v\u00eda correo electr\u00f3nico a&nbsp;<a href=\"mailto:discapacidad@quilmes.gov.ar\" target=\"_blank\" rel=\"noreferrer noopener\">discapacidad@quilmes.gov.ar<\/a>.<\/p>\n","protected":false},"excerpt":{"rendered":"<p>El Municipio de Quilmes informa que la sede de la Secretar\u00eda de Ni\u00f1ez y Desarrollo&#8230;<\/p>\n","protected":false},"author":1,"featured_media":59656,"comment_status":"open","ping_status":"open","sticky":false,"template":"","format":"standard","meta":{"footnotes":""},"categories":[3],"tags":[],"class_list":["post-6917","post","type-post","status-publish","format-standard","has-post-thumbnail","hentry","category-informacion-general"],"_links":{"self":[{"href":"https:\/\/conurbanodiario.com.ar\/index.php?rest_route=\/wp\/v2\/posts\/6917","targetHints":{"allow":["GET"]}}],"collection":[{"href":"https:\/\/conurbanodiario.com.ar\/index.php?rest_route=\/wp\/v2\/posts"}],"about":[{"href":"https:\/\/conurbanodiario.com.ar\/index.php?rest_route=\/wp\/v2\/types\/post"}],"author":[{"embeddable":true,"href":"https:\/\/conurbanodiario.com.ar\/index.php?rest_route=\/wp\/v2\/users\/1"}],"replies":[{"embeddable":true,"href":"https:\/\/conurbanodiario.com.ar\/index.php?rest_route=%2Fwp%2Fv2%2Fcomments&post=6917"}],"version-history":[{"count":1,"href":"https:\/\/conurbanodiario.com.ar\/index.php?rest_route=\/wp\/v2\/posts\/6917\/revisions"}],"predecessor-version":[{"id":6918,"href":"https:\/\/conurbanodiario.com.ar\/index.php?rest_route=\/wp\/v2\/posts\/6917\/revisions\/6918"}],"wp:featuredmedia":[{"embeddable":true,"href":"https:\/\/conurbanodiario.com.ar\/index.php?rest_route=\/wp\/v2\/media\/59656"}],"wp:attachment":[{"href":"https:\/\/conurbanodiario.com.ar\/index.php?rest_route=%2Fwp%2Fv2%2Fmedia&parent=6917"}],"wp:term":[{"taxonomy":"category","embeddable":true,"href":"https:\/\/conurbanodiario.com.ar\/index.php?rest_route=%2Fwp%2Fv2%2Fcategories&post=6917"},{"taxonomy":"post_tag","embeddable":true,"href":"https:\/\/conurbanodiario.com.ar\/index.php?rest_route=%2Fwp%2Fv2%2Ftags&post=6917"}],"curies":[{"name":"wp","href":"https:\/\/api.w.org\/{rel}","templated":true}]}}