{"id":6910,"date":"2020-07-31T03:05:00","date_gmt":"2020-07-31T06:05:00","guid":{"rendered":"http:\/\/conurbanodiario.com.ar\/?p=6910"},"modified":"2020-07-30T15:07:02","modified_gmt":"2020-07-30T18:07:02","slug":"avanza-la-obra-de-ampliacion-de-la-casa-de-la-cultura-en-varela","status":"publish","type":"post","link":"https:\/\/conurbanodiario.com.ar\/?p=6910","title":{"rendered":"AVANZA LA OBRA DE AMPLIACI\u00d3N DE LA CASA DE LA CULTURA EN VARELA"},"content":{"rendered":"\n<p>Contin\u00faan los trabajos de la primera etapa de ampliaci\u00f3n de la sede de secretar\u00eda de Cultura, Deportes y Recreaci\u00f3n, ubicada en la calle Mitre N\u00ba149, en el barrio Centro.<\/p>\n\n\n\n<p>Con financiamiento municipal, la obra se encuentra al momento en un 45% de su ejecuci\u00f3n. Los trabajos consisten en una extensi\u00f3n del edificio existente sobre el sector de aulas N\u00b01, N\u00b02 y sal\u00f3n de ensayos.<\/p>\n\n\n\n<p>Como parte del proyecto, se plante\u00f3 la construcci\u00f3n de dos niveles de altura, con sus correspondientes n\u00facleos sanitarios y accesos verticales (escaleras y ascensor para personas con movilidad reducida).<\/p>\n\n\n\n<p>El primer nivel est\u00e1 destinado a un \u00e1rea completamente administrativa, con recepci\u00f3n, sala de espera, puestos de trabajo compartidos, y un despacho privado con sala de reuniones. Mientras que el segundo en cambio, est\u00e1 destinado para el uso de alumnos y profesores. El mismo cuenta con dos aulas te\u00f3rico-pr\u00e1cticas y un gran sal\u00f3n con caracter\u00edsticas de auditorio para el desarrollo de sus actividades.&nbsp;<\/p>\n\n\n\n<p>En esta etapa I se plantea la ejecuci\u00f3n de toda la estructura resistente tanto en planta baja, como en los niveles superiores. Se realizar\u00e1n nuevas fundaciones de hormig\u00f3n armado para colaborar a la resistencia de la estructura existente, se har\u00e1 la mamposter\u00eda correspondiente, se ejecutar\u00e1n losas aliviadas en cada nivel y se proceder\u00e1 al llenado de la escalera de acceso vertical, junto con la caja que contendr\u00e1 el ascensor.<\/p>\n","protected":false},"excerpt":{"rendered":"<p>Contin\u00faan los trabajos de la primera etapa de ampliaci\u00f3n de la sede de secretar\u00eda de&#8230;<\/p>\n","protected":false},"author":1,"featured_media":59656,"comment_status":"open","ping_status":"open","sticky":false,"template":"","format":"standard","meta":{"footnotes":""},"categories":[8],"tags":[],"class_list":["post-6910","post","type-post","status-publish","format-standard","has-post-thumbnail","hentry","category-cultura"],"_links":{"self":[{"href":"https:\/\/conurbanodiario.com.ar\/index.php?rest_route=\/wp\/v2\/posts\/6910","targetHints":{"allow":["GET"]}}],"collection":[{"href":"https:\/\/conurbanodiario.com.ar\/index.php?rest_route=\/wp\/v2\/posts"}],"about":[{"href":"https:\/\/conurbanodiario.com.ar\/index.php?rest_route=\/wp\/v2\/types\/post"}],"author":[{"embeddable":true,"href":"https:\/\/conurbanodiario.com.ar\/index.php?rest_route=\/wp\/v2\/users\/1"}],"replies":[{"embeddable":true,"href":"https:\/\/conurbanodiario.com.ar\/index.php?rest_route=%2Fwp%2Fv2%2Fcomments&post=6910"}],"version-history":[{"count":1,"href":"https:\/\/conurbanodiario.com.ar\/index.php?rest_route=\/wp\/v2\/posts\/6910\/revisions"}],"predecessor-version":[{"id":6912,"href":"https:\/\/conurbanodiario.com.ar\/index.php?rest_route=\/wp\/v2\/posts\/6910\/revisions\/6912"}],"wp:featuredmedia":[{"embeddable":true,"href":"https:\/\/conurbanodiario.com.ar\/index.php?rest_route=\/wp\/v2\/media\/59656"}],"wp:attachment":[{"href":"https:\/\/conurbanodiario.com.ar\/index.php?rest_route=%2Fwp%2Fv2%2Fmedia&parent=6910"}],"wp:term":[{"taxonomy":"category","embeddable":true,"href":"https:\/\/conurbanodiario.com.ar\/index.php?rest_route=%2Fwp%2Fv2%2Fcategories&post=6910"},{"taxonomy":"post_tag","embeddable":true,"href":"https:\/\/conurbanodiario.com.ar\/index.php?rest_route=%2Fwp%2Fv2%2Ftags&post=6910"}],"curies":[{"name":"wp","href":"https:\/\/api.w.org\/{rel}","templated":true}]}}