{"id":6908,"date":"2020-07-30T03:10:00","date_gmt":"2020-07-30T06:10:00","guid":{"rendered":"http:\/\/conurbanodiario.com.ar\/?p=6908"},"modified":"2020-07-29T20:46:01","modified_gmt":"2020-07-29T23:46:01","slug":"una-testigo-denuncio-por-intimidacion-sexual-al-abogado-del-jubilado-que-mato-a-un-ladron","status":"publish","type":"post","link":"https:\/\/conurbanodiario.com.ar\/?p=6908","title":{"rendered":"UNA TESTIGO DENUNCI\u00d3 POR INTIMIDACI\u00d3N SEXUAL AL ABOGADO DEL JUBILADO QUE MAT\u00d3 A UN LADR\u00d3N"},"content":{"rendered":"\n<p>Una de las testigos que presenci\u00f3 parte de la secuencia en la que el jubilado Jorge R\u00edos mat\u00f3 a uno de los delincuentes que entr\u00f3 a robar en su casa de Quilmes denunci\u00f3 ayer ante la Justicia que fue intimidada por uno de los abogados defensores del acusado, quien ejerci\u00f3 \u00abviolencia verbal de contenido sexual\u00bb cuando fue a la fiscal\u00eda a declarar.<\/p>\n\n\n\n<p>Fuentes judiciales informaron a T\u00e9lam que la denuncia fue radicada ayer por la ma\u00f1ana ante la Unidad Funcional de Instrucci\u00f3n (UFI) 8 de Quilmes, especializada en violencia de g\u00e9nero, a cargo de Alejandro Ruggeri, y ratificada por la tarde ante el magistrado.<\/p>\n\n\n\n<p>La denunciante, cuya identidad se preserva, est\u00e1 patrocinada por la abogada Valeria Carreras, quien cont\u00f3 a T\u00e9lam que el asedio que su cliente denunci\u00f3 ocurri\u00f3 el 24 de julio \u00faltimo, cuando se present\u00f3 en los tribunales para declarar y se encontr\u00f3 al defensor de R\u00edos, Marino Cid Aparicio.<\/p>\n\n\n\n<p>\u00abMientras esper\u00e1bamos en la sede judicial, Marino Cid se dirige en forma directa al lugar donde yo estaba sentada, y se sienta al lado m\u00edo. Me empieza a hablar de temas diversos que no hac\u00edan a la causa, me empec\u00e9 a sentir incomoda y a contestar con monos\u00edlabos. En un momento dado, me empieza a preguntar vas a la playa? Qu\u00e9 usas, bikini?&#8217;. Mi incomodidad aumentaba y cada vez m\u00e1s sent\u00eda el roce de la pierna del abogado. Quer\u00eda irme, pero era importante mi testimonio\u00bb, relat\u00f3 la mujer.<\/p>\n\n\n\n<p>Voceros judiciales confirmaron que el abogado denunciado tom\u00f3 conocimiento de la causa y se puso a derecho.<\/p>\n\n\n\n<p>Siempre seg\u00fan la denuncia a la que accedi\u00f3 T\u00e9lam, el letrado en un momento le mostr\u00f3 en la pantalla de su celular la proyecci\u00f3n de un tramo de un video con \u00absexo expl\u00edcito, pornograf\u00eda\u00bb, al tiempo que le dec\u00eda \u201cmir\u00e1, mir\u00e1 no seas tonta\u201d.<\/p>\n\n\n\n<p>\u00abMe par\u00e9 inmediatamente, sent\u00eda sudor y tremendas ganas de llorar\u00bb, relat\u00f3 la testigo, quien dijo que la situaci\u00f3n continu\u00f3 durante su declaraci\u00f3n, cuando el abogado se dirig\u00eda a ella hablando en \u00abportu\u00f1ol\u00bb y mencionando \u00ablas playas de Brasil\u00bb, lo que incluso llev\u00f3 a que la auxiliar letrada que tipeaba le pidiera que no haya interrupciones.<\/p>\n\n\n\n<p>La mujer cont\u00f3 que tras esa situaci\u00f3n en el juzgado, el 27 de este mes, recibi\u00f3 un llamado del abogado a su tel\u00e9fono celular con el fin de informarle algo sobre la causa, y que tambi\u00e9n en esa oportunidad le pregunt\u00f3 si \u00abestaba acostada\u00bb y dem\u00e1s cuestiones que la volvieron a incomodar, al punto de ponerse a \u00abllorar\u00bb<\/p>\n\n\n\n<p>Consultada por T\u00e9lam la abogada de la denunciante dijo que se solicitaron a la fiscal\u00eda diversas medidas de prueba, como una pericia al tel\u00e9fono de Marino Cid y declaraciones de los dem\u00e1s testigos que ese d\u00eda fueron citados a la fiscal\u00eda de Quilmes.<\/p>\n\n\n\n<p>Adem\u00e1s aport\u00f3 una captura de pantalla de la llamada que el abogado le hizo a su clienta el 27 pasado.<\/p>\n\n\n\n<p>\u00abEstamos frente a un caso de violencia verbal de contenido sexual, estamos frente a un abuso psicol\u00f3gico de \u00edndole sexual, estamos frente a un caso de atropello, de menosprecio de la mujer\u00bb, dijo la abogada.<\/p>\n\n\n\n<p>El fiscal Ruggeri calific\u00f3 a la causa como \u00abAbuso sexual\u00bb pero no descarta que pueda sumarle otras calificaciones a medida que se analicen las pruebas que vayan surgiendo de la investigaci\u00f3n.<\/p>\n\n\n\n<p>Marino Cid Aparicio es quien junto al abogado Fernando Soto defiende al jubilado R\u00edos en la causa por el homicidio agravado por el uso del arma del ladr\u00f3n Franco \u00abPiolo\u00bb Moreyra, cometido el 17 de este mes, hecho por el que se encuentra bajo prisi\u00f3n domiciliaria.<\/p>\n","protected":false},"excerpt":{"rendered":"<p>Una de las testigos que presenci\u00f3 parte de la secuencia en la que el jubilado&#8230;<\/p>\n","protected":false},"author":1,"featured_media":59656,"comment_status":"open","ping_status":"open","sticky":false,"template":"","format":"standard","meta":{"footnotes":""},"categories":[29],"tags":[],"class_list":["post-6908","post","type-post","status-publish","format-standard","has-post-thumbnail","hentry","category-judiciales"],"_links":{"self":[{"href":"https:\/\/conurbanodiario.com.ar\/index.php?rest_route=\/wp\/v2\/posts\/6908","targetHints":{"allow":["GET"]}}],"collection":[{"href":"https:\/\/conurbanodiario.com.ar\/index.php?rest_route=\/wp\/v2\/posts"}],"about":[{"href":"https:\/\/conurbanodiario.com.ar\/index.php?rest_route=\/wp\/v2\/types\/post"}],"author":[{"embeddable":true,"href":"https:\/\/conurbanodiario.com.ar\/index.php?rest_route=\/wp\/v2\/users\/1"}],"replies":[{"embeddable":true,"href":"https:\/\/conurbanodiario.com.ar\/index.php?rest_route=%2Fwp%2Fv2%2Fcomments&post=6908"}],"version-history":[{"count":1,"href":"https:\/\/conurbanodiario.com.ar\/index.php?rest_route=\/wp\/v2\/posts\/6908\/revisions"}],"predecessor-version":[{"id":6909,"href":"https:\/\/conurbanodiario.com.ar\/index.php?rest_route=\/wp\/v2\/posts\/6908\/revisions\/6909"}],"wp:featuredmedia":[{"embeddable":true,"href":"https:\/\/conurbanodiario.com.ar\/index.php?rest_route=\/wp\/v2\/media\/59656"}],"wp:attachment":[{"href":"https:\/\/conurbanodiario.com.ar\/index.php?rest_route=%2Fwp%2Fv2%2Fmedia&parent=6908"}],"wp:term":[{"taxonomy":"category","embeddable":true,"href":"https:\/\/conurbanodiario.com.ar\/index.php?rest_route=%2Fwp%2Fv2%2Fcategories&post=6908"},{"taxonomy":"post_tag","embeddable":true,"href":"https:\/\/conurbanodiario.com.ar\/index.php?rest_route=%2Fwp%2Fv2%2Ftags&post=6908"}],"curies":[{"name":"wp","href":"https:\/\/api.w.org\/{rel}","templated":true}]}}