{"id":6905,"date":"2020-07-30T03:09:00","date_gmt":"2020-07-30T06:09:00","guid":{"rendered":"http:\/\/conurbanodiario.com.ar\/?p=6905"},"modified":"2020-07-29T20:33:35","modified_gmt":"2020-07-29T23:33:35","slug":"avellaneda-encuentran-muerto-en-una-celda-al-acusado-de-haber-asesinado-a-un-empleado-de-una-financiera","status":"publish","type":"post","link":"https:\/\/conurbanodiario.com.ar\/?p=6905","title":{"rendered":"AVELLANEDA: ENCUENTRAN MUERTO EN UNA CELDA AL ACUSADO DE HABER ASESINADO A UN EMPLEADO DE UNA FINANCIERA"},"content":{"rendered":"\n<p>Un hombre que hab\u00eda sido detenido por el crimen de su pareja, un empleado de una financiera encontrado asesinado a pu\u00f1aladas en junio en su departamento de Avellaneda, fue hallado muerto ayer en una celda de la comisar\u00eda en la que estaba alojado, en un caso aparente de suicidio, informaron fuentes judiciales.<\/p>\n\n\n\n<p>Se trata de N\u00e9stor Rodr\u00edguez Assimonitti (48), de nacionalidad uruguaya, quien estaba detenido en la seccional 3era. de Dock Sud como imputado del crimen de Mario Barrios (58).<\/p>\n\n\n\n<p>Fuentes judiciales informaron a T\u00e9lam que el acusado fue encontrado muerto alrededor de las 7 de ayer por la ma\u00f1ana por personal policial en una de las celdas de la mencionada comisar\u00eda.<\/p>\n\n\n\n<p>En principio, los pesquisas creen que Rodr\u00edguez se suicid\u00f3 tras anudar sus propias prendas de vestir, aunque el fiscal Elbio Laborde dispuso que este jueves se realice la autopsia para determinar las causas del deceso.<\/p>\n\n\n\n<p>Barrios hab\u00eda sido hallado asesinado en la madrugada del 24 de junio \u00faltimo en el departamento 7, del tercer piso de la torre 4 del complejo Torres Pueyrred\u00f3n, situado a metros del puente hom\u00f3nimo, sobre el pasaje Patricios al 200 entre Manuel Est\u00e9vez y Belisario Hueyo, de Avellaneda.<\/p>\n\n\n\n<p>De acuerdo con las fuentes, fue su cu\u00f1ada -pareja de su hermano- quien subi\u00f3 a la vivienda preocupada porque hac\u00eda casi una semana que no sab\u00edan nada de \u00e9l y no contestaba los llamados.<\/p>\n\n\n\n<p>La mujer subi\u00f3 con personal de seguridad y al no contestar el timbre y solo escuchar a los perros, se decidi\u00f3 llamar a la Polic\u00eda y a los bomberos, que tuvieron que romper la puerta, que estaba cerrada con llave.<\/p>\n\n\n\n<p>Los efectivos hallaron el cuerpo de la v\u00edctima en el comedor, tirado boca abajo y atado con cinta de embalar transparente alrededor de los tobillos, de las mu\u00f1ecas y del torso.<\/p>\n\n\n\n<p>Barrios presentaba visibles lesiones en la cabeza y pu\u00f1aladas en el rostro y, adem\u00e1s, heridas aparentemente post mortem provocadas en algunas partes blandas de la cara por los tres perros que estaban en el departamento, uno de ellos de la raza salchicha.<\/p>\n\n\n\n<p>Al lugar acudi\u00f3 de inmediato el fiscal Laborde, de la Unidad Funcional de Instrucci\u00f3n (UFI) 3 descentralizada de Avellaneda, para impartir las primeras directivas investigativas.<\/p>\n\n\n\n<p>La m\u00e9dica forense que acudi\u00f3 a recolectar el cad\u00e1ver vio que a simple vista Barrios ten\u00eda dos pu\u00f1aladas en el rostro, que le entraron por una mejilla y llegaron al ment\u00f3n, que le causaron morir desangrado tras varias horas de agon\u00eda.<\/p>\n\n\n\n<p>Adem\u00e1s, al lado del cad\u00e1ver los peritos encontraron solo la punta de la hoja de un cuchillo de mesa que se quebr\u00f3 y que el asesino se llev\u00f3 consigo, ya que en la escena no fue hallado.<\/p>\n\n\n\n<p>El hermano de Barrios declar\u00f3 que nada sab\u00eda de \u00e9l desde el 18 de junio pasado y cont\u00f3 que la v\u00edctima ten\u00eda hace unos seis meses una relaci\u00f3n sentimental con Rodr\u00edguez, de quien tampoco supo nada m\u00e1s, ya que no contestaba su tel\u00e9fono celular.<\/p>\n\n\n\n<p>Si bien ese hombre supuestamente no viv\u00eda con la v\u00edctima en forma permanente, a partir de los relatos obtenidos en el edificio donde se lo ve\u00eda en forma frecuente, el fiscal cree que durante estos meses en los que se decret\u00f3 el aislamiento social, preventivo y obligatorio por el coronavirus, el uruguayo estaba instalado y pasando la cuarentena con Barrios.<\/p>\n\n\n\n<p>Efectivos de la comisar\u00eda 1ra. de Avellaneda detuvieron esa noche al sospechoso en la calle De\u00e1n Funes de Avellaneda, mientras merodeaba en inmediaciones de un barrio con numerosa comunidad peruana, donde los investigadores creen que se hab\u00eda refugiado.<\/p>\n\n\n\n<p>Rodr\u00edguez, quien ya hab\u00eda sido detenido el pasado 6 de junio por tenencia de estupefacientes junto a otro persona, hab\u00eda sido imputado por el delito de \u201chomicidio agravado\u201d.<\/p>\n","protected":false},"excerpt":{"rendered":"<p>Un hombre que hab\u00eda sido detenido por el crimen de su pareja, un empleado de&#8230;<\/p>\n","protected":false},"author":1,"featured_media":59656,"comment_status":"open","ping_status":"open","sticky":false,"template":"","format":"standard","meta":{"footnotes":""},"categories":[10],"tags":[],"class_list":["post-6905","post","type-post","status-publish","format-standard","has-post-thumbnail","hentry","category-seguridad"],"_links":{"self":[{"href":"https:\/\/conurbanodiario.com.ar\/index.php?rest_route=\/wp\/v2\/posts\/6905","targetHints":{"allow":["GET"]}}],"collection":[{"href":"https:\/\/conurbanodiario.com.ar\/index.php?rest_route=\/wp\/v2\/posts"}],"about":[{"href":"https:\/\/conurbanodiario.com.ar\/index.php?rest_route=\/wp\/v2\/types\/post"}],"author":[{"embeddable":true,"href":"https:\/\/conurbanodiario.com.ar\/index.php?rest_route=\/wp\/v2\/users\/1"}],"replies":[{"embeddable":true,"href":"https:\/\/conurbanodiario.com.ar\/index.php?rest_route=%2Fwp%2Fv2%2Fcomments&post=6905"}],"version-history":[{"count":1,"href":"https:\/\/conurbanodiario.com.ar\/index.php?rest_route=\/wp\/v2\/posts\/6905\/revisions"}],"predecessor-version":[{"id":6907,"href":"https:\/\/conurbanodiario.com.ar\/index.php?rest_route=\/wp\/v2\/posts\/6905\/revisions\/6907"}],"wp:featuredmedia":[{"embeddable":true,"href":"https:\/\/conurbanodiario.com.ar\/index.php?rest_route=\/wp\/v2\/media\/59656"}],"wp:attachment":[{"href":"https:\/\/conurbanodiario.com.ar\/index.php?rest_route=%2Fwp%2Fv2%2Fmedia&parent=6905"}],"wp:term":[{"taxonomy":"category","embeddable":true,"href":"https:\/\/conurbanodiario.com.ar\/index.php?rest_route=%2Fwp%2Fv2%2Fcategories&post=6905"},{"taxonomy":"post_tag","embeddable":true,"href":"https:\/\/conurbanodiario.com.ar\/index.php?rest_route=%2Fwp%2Fv2%2Ftags&post=6905"}],"curies":[{"name":"wp","href":"https:\/\/api.w.org\/{rel}","templated":true}]}}