{"id":68801,"date":"2023-11-28T02:38:58","date_gmt":"2023-11-28T05:38:58","guid":{"rendered":"https:\/\/conurbanodiario.com.ar\/?p=68801"},"modified":"2023-12-01T01:47:43","modified_gmt":"2023-12-01T04:47:43","slug":"kicillof-convoco-a-los-intendentes-electos-a-trabajar-para-dar-respuestas","status":"publish","type":"post","link":"https:\/\/conurbanodiario.com.ar\/?p=68801","title":{"rendered":"KICILLOF CONVOC\u00d3 A LOS INTENDENTES ELECTOS A &#8220;TRABAJAR PARA DAR RESPUESTAS&#8221;"},"content":{"rendered":"\n<p>El gobernador bonaerense, Axel Kicillof, se reuni\u00f3 ayer lunes con los intendentes electos de distintos municipios, con quienes r<strong>epas\u00f3 la situaci\u00f3n econ\u00f3mica y convoc\u00f3 a seguir trabajando para \u00abdar respuesta a los y las vecinas de la provincia\u00bb<\/strong>.<\/p>\n\n\n\n<p>En el encuentro realizado en la Casa de Gobierno provincial, Kicillof&nbsp;<strong>detall\u00f3 los recursos que el Estado bonaerense recibe desde la Naci\u00f3n<\/strong>, los cuales, dijo, son&nbsp;<strong>\u00abconsiderablemente menores a lo recaudado y aportado por la provincia\u00bb<\/strong>, seg\u00fan indic\u00f3 la Gobernaci\u00f3n en un comunicado.&nbsp;<\/p>\n\n\n\n<p>Por otro lado, el mandatario&nbsp;<strong>se refiri\u00f3 al \u00abbajo impacto\u00bb presupuestario del empleo p\u00fablico en la provincia<\/strong>&nbsp;y, en ese sentido, detall\u00f3 que de los 24 distritos del pa\u00eds, Buenos Aires es el segundo con \u00abmenor cantidad de trabajadores estatales en relaci\u00f3n a su poblaci\u00f3n\u00bb.<\/p>\n\n\n\n<p>En el encuentro, Kicillof estuvo acompa\u00f1ado de la vicegobernadora Ver\u00f3nica Magario; el jefe de Asesores, Carlos Bianco; la ministra de Gobierno, Cristina \u00c1lvarez Rodr\u00edguez; los ministros de Hacienda y Finanzas, Pablo L\u00f3pez, y de Desarrollo de la Comunidad, Andr\u00e9s Larroque; y la secretaria general de la Gobernaci\u00f3n, Agustina Vila.<\/p>\n\n\n\n<p>Ante los intendentes, el mandatario&nbsp;<strong>defendi\u00f3 el proyecto de ley que el viernes \u00faltimo envi\u00f3 a la Legislatura<\/strong>&nbsp;en el que solicita una autorizaci\u00f3n para que la provincia tome una deuda en pesos por hasta el equivalente a 150 millones de d\u00f3lares.<\/p>\n\n\n\n<p>Al respecto, afirm\u00f3 que \u00aben vistas de que no est\u00e1n claras las pautas macroecon\u00f3micas para el 2024, se envi\u00f3 un proyecto de ley que busca recuperar el peso que ten\u00eda la autorizaci\u00f3n de financiamiento general en el Presupuesto (provincial) ya aprobado\u00bb.<\/p>\n\n\n\n<p>De esta forma, \u00abse pretende garantizar el correcto funcionamiento de la gesti\u00f3n provincial y recomponer el financiamiento para lo que resta del a\u00f1o\u00bb, argument\u00f3 el gobernador.<\/p>\n\n\n\n<p>Entre otros aspectos, la iniciativa busca \u00ab<strong>prorrogar por dos a\u00f1os m\u00e1s las emergencias<\/strong>&nbsp;en materia de seguridad p\u00fablica, pol\u00edtica y salud penitenciaria, infraestructura, h\u00e1bitat, vivienda y servicios p\u00fablicos, administrativa y tecnol\u00f3gica y social, econ\u00f3mica, productiva, y energ\u00e9tica\u00bb.<\/p>\n\n\n\n<p>El gobernador aprovech\u00f3 el encuentro para convocar a los jefes comunales a \u00abseguir trabajando en la transformaci\u00f3n de los distritos como se hizo durante estos cuatro a\u00f1os, dando las respuestas que las y los bonaerenses esperan\u00bb.<\/p>\n\n\n\n<p>Al t\u00e9rmino de la reuni\u00f3n en la ciudad de La Plata, Ricardo Moccero, intendente de Coronel Su\u00e1rez, pronostic\u00f3 un \u00abdif\u00edcil\u00bb 2024, debido al \u00abajuste\u00bb que el entrante gobierno de La Libertad Avanza proyecta aplicar a partir del 10 de diciembre.<\/p>\n\n\n\n<p>\u00abEsto de eliminar la obra p\u00fablica nos preocupa a todos. La mayor\u00edas de los municipios&nbsp;<strong>tenemos mucha obra nacional que no se pueden cortar<\/strong>, as\u00ed que es la preocupaci\u00f3n que tambi\u00e9n la tiene el gobernador\u00bb, evalu\u00f3 en declaraciones al portal La Plata 1, Moccero en relaci\u00f3n a la medida anticipada p\u00fablicamente por el presidente electo, Javier Milei.<\/p>\n\n\n\n<p>Por su parte, el intendente de Ensenada, Mario Secco -quien fue reelecto para un nuevo per\u00edodo- celebr\u00f3 el encuentro de Kicillof con los jefes comunales \u00abpara seguir planificando el trabajo en los distritos y fortalecer a cada Municipio bonaerense\u00bb.<\/p>\n\n\n\n<p>\u00abLas y los intendentes tenemos el firme objetivo de mejorar la calidad de vida de los habitantes de nuestras ciudades y el gobernador ha dado claras muestras de gestionar para el pueblo. Trabajaremos m\u00e1s que nunca por ello\u00bb, escribi\u00f3 Secco en su cuenta de la red social X.&nbsp;<\/p>\n\n\n\n<p>En la misma l\u00ednea, el intendente electo de Bah\u00eda Blanca, Federico Susbielles, sostuvo que \u00abjunto al gobernador Kicillofok repasamos el contexto y la agenda de trabajo ante el pr\u00f3ximo inicio de mandatos en la provincia y en cada uno de nuestros distritos\u00bb.<\/p>\n\n\n\n<p>\u00abTransitaremos ese camino con unidad, firmeza, amplitud y gesti\u00f3n priorizando el inter\u00e9s de nuestros vecinos\u00bb, remarc\u00f3.<\/p>\n\n\n\n<p>Mayra Mendoza, la tambi\u00e9n reelecta intendenta de Quilmes, plante\u00f3 en su cuenta de X que \u00abnos reunimos con el gobernador, @Kicillofok para seguir planificando el trabajo en los distintos municipios bonaerenses. Con el gobierno provincial vamos a seguir gobernando para mejorar la calidad de vida a la comunidad\u00bb.<\/p>\n","protected":false},"excerpt":{"rendered":"<p>El gobernador bonaerense, Axel Kicillof, se reuni\u00f3 ayer lunes con los intendentes electos de distintos&#8230;<\/p>\n","protected":false},"author":1,"featured_media":59656,"comment_status":"closed","ping_status":"closed","sticky":false,"template":"","format":"standard","meta":{"footnotes":""},"categories":[35],"tags":[],"class_list":["post-68801","post","type-post","status-publish","format-standard","has-post-thumbnail","hentry","category-politica"],"_links":{"self":[{"href":"https:\/\/conurbanodiario.com.ar\/index.php?rest_route=\/wp\/v2\/posts\/68801","targetHints":{"allow":["GET"]}}],"collection":[{"href":"https:\/\/conurbanodiario.com.ar\/index.php?rest_route=\/wp\/v2\/posts"}],"about":[{"href":"https:\/\/conurbanodiario.com.ar\/index.php?rest_route=\/wp\/v2\/types\/post"}],"author":[{"embeddable":true,"href":"https:\/\/conurbanodiario.com.ar\/index.php?rest_route=\/wp\/v2\/users\/1"}],"replies":[{"embeddable":true,"href":"https:\/\/conurbanodiario.com.ar\/index.php?rest_route=%2Fwp%2Fv2%2Fcomments&post=68801"}],"version-history":[{"count":2,"href":"https:\/\/conurbanodiario.com.ar\/index.php?rest_route=\/wp\/v2\/posts\/68801\/revisions"}],"predecessor-version":[{"id":68918,"href":"https:\/\/conurbanodiario.com.ar\/index.php?rest_route=\/wp\/v2\/posts\/68801\/revisions\/68918"}],"wp:featuredmedia":[{"embeddable":true,"href":"https:\/\/conurbanodiario.com.ar\/index.php?rest_route=\/wp\/v2\/media\/59656"}],"wp:attachment":[{"href":"https:\/\/conurbanodiario.com.ar\/index.php?rest_route=%2Fwp%2Fv2%2Fmedia&parent=68801"}],"wp:term":[{"taxonomy":"category","embeddable":true,"href":"https:\/\/conurbanodiario.com.ar\/index.php?rest_route=%2Fwp%2Fv2%2Fcategories&post=68801"},{"taxonomy":"post_tag","embeddable":true,"href":"https:\/\/conurbanodiario.com.ar\/index.php?rest_route=%2Fwp%2Fv2%2Ftags&post=68801"}],"curies":[{"name":"wp","href":"https:\/\/api.w.org\/{rel}","templated":true}]}}