{"id":68765,"date":"2023-11-28T01:08:00","date_gmt":"2023-11-28T04:08:00","guid":{"rendered":"https:\/\/conurbanodiario.com.ar\/?p=68765"},"modified":"2023-12-01T01:48:03","modified_gmt":"2023-12-01T04:48:03","slug":"comision-de-diputados-convoca-para-este-martes-a-emitir-dictamen-sobre-el-juicio-politico-a-la-corte","status":"publish","type":"post","link":"https:\/\/conurbanodiario.com.ar\/?p=68765","title":{"rendered":"COMISI\u00d3N DE DIPUTADOS CONVOCA PARA ESTE MARTES A EMITIR DICTAMEN SOBRE EL JUICIO POL\u00cdTICO A LA CORTE"},"content":{"rendered":"\n<p>La Comisi\u00f3n de Juicio Pol\u00edtico de la C\u00e1mara de Diputados convoc\u00f3 a una reuni\u00f3n para este martes para emitir dictamen sobre los pedidos de enjuiciamiento contra los jueces<\/p>\n\n\n\n<p>La firma de los despachos impulsados por el oficialismo se producir\u00e1 a 12 d\u00edas de la asunci\u00f3n del presidente electo Javier Milei, que rechaza el proceso de juicio pol\u00edtico a los ministros Horacio Rosatti, Juan Carlos Maqueda, Carlos Rosenkrantz, y Ricardo Lorenzetti.<\/p>\n\n\n\n<p>De todos modos, los dict\u00e1menes no ser\u00e1n aprobados en el recinto de sesiones porque el Frente de Todos (FdT) no tiene los dos tercios necesarios para poder impulsar una acusaci\u00f3n ante el Senado.<\/p>\n\n\n\n<p>Los cuatro integrantes del m\u00e1ximo tribunal est\u00e1n acusados de supuesto mal desempe\u00f1o por las causales de los fallos del 2&#215;1 a favor de un represor, la derogaci\u00f3n de la ley del Consejo de la Magistratura, de coparticipaci\u00f3n de la Ciudad de Buenos Aires y la administraci\u00f3n de la Obra Social del Poder Judicial.<\/p>\n\n\n\n<p>La comisi\u00f3n, que preside la diputada del FdT Carolina Gaillard, convoc\u00f3 a la reuni\u00f3n para este martes a las 13 para analizar los cuatro dict\u00e1menes, uno por cada juez, que impulsar\u00e1 el actual oficialismo, ya que el juicio pol\u00edtico a los ministros de la Corte tambi\u00e9n es rechazado por Juntos por el Cambio (JxC).<\/p>\n\n\n\n<p>La \u00faltima reuni\u00f3n concluy\u00f3 en medio de una fuerte controversia entre el oficialismo y JxC luego de que Gaillard levantara la sesi\u00f3n apenas comenzada, al considerar que no se deb\u00eda realizar porque no se hab\u00edan presentado Lorenzetti y Maqueda para realizar sus descargos, aunque s\u00ed lo hab\u00edan hecho por escrito Rosatti y Rosenkrantz. <\/p>\n","protected":false},"excerpt":{"rendered":"<p>La Comisi\u00f3n de Juicio Pol\u00edtico de la C\u00e1mara de Diputados convoc\u00f3 a una reuni\u00f3n para&#8230;<\/p>\n","protected":false},"author":1,"featured_media":59656,"comment_status":"closed","ping_status":"closed","sticky":false,"template":"","format":"standard","meta":{"footnotes":""},"categories":[5],"tags":[],"class_list":["post-68765","post","type-post","status-publish","format-standard","has-post-thumbnail","hentry","category-el-pais"],"_links":{"self":[{"href":"https:\/\/conurbanodiario.com.ar\/index.php?rest_route=\/wp\/v2\/posts\/68765","targetHints":{"allow":["GET"]}}],"collection":[{"href":"https:\/\/conurbanodiario.com.ar\/index.php?rest_route=\/wp\/v2\/posts"}],"about":[{"href":"https:\/\/conurbanodiario.com.ar\/index.php?rest_route=\/wp\/v2\/types\/post"}],"author":[{"embeddable":true,"href":"https:\/\/conurbanodiario.com.ar\/index.php?rest_route=\/wp\/v2\/users\/1"}],"replies":[{"embeddable":true,"href":"https:\/\/conurbanodiario.com.ar\/index.php?rest_route=%2Fwp%2Fv2%2Fcomments&post=68765"}],"version-history":[{"count":1,"href":"https:\/\/conurbanodiario.com.ar\/index.php?rest_route=\/wp\/v2\/posts\/68765\/revisions"}],"predecessor-version":[{"id":68767,"href":"https:\/\/conurbanodiario.com.ar\/index.php?rest_route=\/wp\/v2\/posts\/68765\/revisions\/68767"}],"wp:featuredmedia":[{"embeddable":true,"href":"https:\/\/conurbanodiario.com.ar\/index.php?rest_route=\/wp\/v2\/media\/59656"}],"wp:attachment":[{"href":"https:\/\/conurbanodiario.com.ar\/index.php?rest_route=%2Fwp%2Fv2%2Fmedia&parent=68765"}],"wp:term":[{"taxonomy":"category","embeddable":true,"href":"https:\/\/conurbanodiario.com.ar\/index.php?rest_route=%2Fwp%2Fv2%2Fcategories&post=68765"},{"taxonomy":"post_tag","embeddable":true,"href":"https:\/\/conurbanodiario.com.ar\/index.php?rest_route=%2Fwp%2Fv2%2Ftags&post=68765"}],"curies":[{"name":"wp","href":"https:\/\/api.w.org\/{rel}","templated":true}]}}