{"id":6868,"date":"2020-07-29T06:12:08","date_gmt":"2020-07-29T09:12:08","guid":{"rendered":"http:\/\/conurbanodiario.com.ar\/?p=6868"},"modified":"2020-07-29T06:12:09","modified_gmt":"2020-07-29T09:12:09","slug":"pedido-para-mejorar-el-servicio-de-la-linea-383","status":"publish","type":"post","link":"https:\/\/conurbanodiario.com.ar\/?p=6868","title":{"rendered":"PEDIDO PARA MEJORAR EL SERVICIO DE LA L\u00cdNEA 383"},"content":{"rendered":"\n<p>El intendente Andr\u00e9s Watson elev\u00f3 al subsecretario de Transporte de la provincia de Buenos Aires, Alejo Supply, una inquietud de varios vecinos del distrito respecto al servicio que brinda la l\u00ednea 383 de la empresa Transportes San Juan Bautista.<\/p>\n\n\n\n<p>De esta manera, el Jefe Comunal traslad\u00f3 el reclamo recibido por parte de usuarios, respecto al turno nocturno de dicho ramal, el cual no se estar\u00eda cumpliendo de forma completa.<\/p>\n\n\n\n<p>Debido a que la competencia en materia de contralor de dicha l\u00ednea de transporte p\u00fablico interjurisdiccional es la autoridad provincial es que el mandatario municipal remiti\u00f3 la queja vecinal, a fin de superar los inconvenientes planteados por los damnificados.<\/p>\n","protected":false},"excerpt":{"rendered":"<p>El intendente Andr\u00e9s Watson elev\u00f3 al subsecretario de Transporte de la provincia de Buenos Aires,&#8230;<\/p>\n","protected":false},"author":1,"featured_media":59656,"comment_status":"open","ping_status":"open","sticky":false,"template":"","format":"standard","meta":{"footnotes":""},"categories":[3],"tags":[],"class_list":["post-6868","post","type-post","status-publish","format-standard","has-post-thumbnail","hentry","category-informacion-general"],"_links":{"self":[{"href":"https:\/\/conurbanodiario.com.ar\/index.php?rest_route=\/wp\/v2\/posts\/6868","targetHints":{"allow":["GET"]}}],"collection":[{"href":"https:\/\/conurbanodiario.com.ar\/index.php?rest_route=\/wp\/v2\/posts"}],"about":[{"href":"https:\/\/conurbanodiario.com.ar\/index.php?rest_route=\/wp\/v2\/types\/post"}],"author":[{"embeddable":true,"href":"https:\/\/conurbanodiario.com.ar\/index.php?rest_route=\/wp\/v2\/users\/1"}],"replies":[{"embeddable":true,"href":"https:\/\/conurbanodiario.com.ar\/index.php?rest_route=%2Fwp%2Fv2%2Fcomments&post=6868"}],"version-history":[{"count":1,"href":"https:\/\/conurbanodiario.com.ar\/index.php?rest_route=\/wp\/v2\/posts\/6868\/revisions"}],"predecessor-version":[{"id":6870,"href":"https:\/\/conurbanodiario.com.ar\/index.php?rest_route=\/wp\/v2\/posts\/6868\/revisions\/6870"}],"wp:featuredmedia":[{"embeddable":true,"href":"https:\/\/conurbanodiario.com.ar\/index.php?rest_route=\/wp\/v2\/media\/59656"}],"wp:attachment":[{"href":"https:\/\/conurbanodiario.com.ar\/index.php?rest_route=%2Fwp%2Fv2%2Fmedia&parent=6868"}],"wp:term":[{"taxonomy":"category","embeddable":true,"href":"https:\/\/conurbanodiario.com.ar\/index.php?rest_route=%2Fwp%2Fv2%2Fcategories&post=6868"},{"taxonomy":"post_tag","embeddable":true,"href":"https:\/\/conurbanodiario.com.ar\/index.php?rest_route=%2Fwp%2Fv2%2Ftags&post=6868"}],"curies":[{"name":"wp","href":"https:\/\/api.w.org\/{rel}","templated":true}]}}