{"id":6862,"date":"2020-07-29T05:42:33","date_gmt":"2020-07-29T08:42:33","guid":{"rendered":"http:\/\/conurbanodiario.com.ar\/?p=6862"},"modified":"2020-07-29T05:42:34","modified_gmt":"2020-07-29T08:42:34","slug":"grindetti-compartio-experiencias-con-egresados-del-programa-empujar","status":"publish","type":"post","link":"https:\/\/conurbanodiario.com.ar\/?p=6862","title":{"rendered":"GRINDETTI COMPARTI\u00d3 EXPERIENCIAS CON EGRESADOS DEL PROGRAMA EMPUJAR"},"content":{"rendered":"\n<p>A trav\u00e9s de la plataforma Zoom, el intendente, N\u00e9stor Grindetti, dialog\u00f3 con 40 egresados del&nbsp;<strong>Programa Empujar, cuyo objetivo es brindar diferentes herramientas \u00fatiles a los vecinos de entre 17 y 20 a\u00f1os de edad que los ayuden a reinsertarse en el \u00e1mbito laboral.<\/strong><\/p>\n\n\n\n<p>Desde su implementaci\u00f3n en 2018, un total de 128 j\u00f3venes lanusenses realizaron esta capacitaci\u00f3n que tiene a la empresa SICA y a la Fundaci\u00f3n Pleroma como las organizadoras locales. De esa cifra,&nbsp;<strong>son 44 los vecinos que hoy cuentan con un empleo formal.<\/strong><\/p>\n\n\n\n<p>Debido a la pandemia por Coronavirus, este cuatrimestre, 25 personas recibieron la formaci\u00f3n de manera virtual y, actualmente, lo est\u00e1n haciendo otras 50. Durante el semestre,&nbsp;<strong>se sumar\u00e1n 25 participantes m\u00e1s lo cual, este a\u00f1o, elevar\u00e1 el n\u00famero de egresados a 100.<\/strong><\/p>\n\n\n\n<p><strong>Empujar es una iniciativa desarrollada por los propios directivos y empleados de las compa\u00f1\u00edas privadas que lo conforman para suministrar diversas competencias laborales y conocimientos t\u00e9cnicos a los adolescentes que est\u00e1n en b\u00fasqueda de su primer empleo.<\/strong><\/p>\n\n\n\n<p>Estuvieron, el secretario de Educaci\u00f3n, Deportes y Empleo, Dami\u00e1n Sala, el subsecretario del \u00e1rea, Ricardo Rodr\u00edguez y el titular del plan de capacitaci\u00f3n, Hern\u00e1n Wengrower, entre otros.<\/p>\n","protected":false},"excerpt":{"rendered":"<p>A trav\u00e9s de la plataforma Zoom, el intendente, N\u00e9stor Grindetti, dialog\u00f3 con 40 egresados del&nbsp;Programa&#8230;<\/p>\n","protected":false},"author":1,"featured_media":59656,"comment_status":"open","ping_status":"open","sticky":false,"template":"","format":"standard","meta":{"footnotes":""},"categories":[27],"tags":[],"class_list":["post-6862","post","type-post","status-publish","format-standard","has-post-thumbnail","hentry","category-educacion"],"_links":{"self":[{"href":"https:\/\/conurbanodiario.com.ar\/index.php?rest_route=\/wp\/v2\/posts\/6862","targetHints":{"allow":["GET"]}}],"collection":[{"href":"https:\/\/conurbanodiario.com.ar\/index.php?rest_route=\/wp\/v2\/posts"}],"about":[{"href":"https:\/\/conurbanodiario.com.ar\/index.php?rest_route=\/wp\/v2\/types\/post"}],"author":[{"embeddable":true,"href":"https:\/\/conurbanodiario.com.ar\/index.php?rest_route=\/wp\/v2\/users\/1"}],"replies":[{"embeddable":true,"href":"https:\/\/conurbanodiario.com.ar\/index.php?rest_route=%2Fwp%2Fv2%2Fcomments&post=6862"}],"version-history":[{"count":1,"href":"https:\/\/conurbanodiario.com.ar\/index.php?rest_route=\/wp\/v2\/posts\/6862\/revisions"}],"predecessor-version":[{"id":6864,"href":"https:\/\/conurbanodiario.com.ar\/index.php?rest_route=\/wp\/v2\/posts\/6862\/revisions\/6864"}],"wp:featuredmedia":[{"embeddable":true,"href":"https:\/\/conurbanodiario.com.ar\/index.php?rest_route=\/wp\/v2\/media\/59656"}],"wp:attachment":[{"href":"https:\/\/conurbanodiario.com.ar\/index.php?rest_route=%2Fwp%2Fv2%2Fmedia&parent=6862"}],"wp:term":[{"taxonomy":"category","embeddable":true,"href":"https:\/\/conurbanodiario.com.ar\/index.php?rest_route=%2Fwp%2Fv2%2Fcategories&post=6862"},{"taxonomy":"post_tag","embeddable":true,"href":"https:\/\/conurbanodiario.com.ar\/index.php?rest_route=%2Fwp%2Fv2%2Ftags&post=6862"}],"curies":[{"name":"wp","href":"https:\/\/api.w.org\/{rel}","templated":true}]}}