{"id":6859,"date":"2020-07-29T05:34:43","date_gmt":"2020-07-29T08:34:43","guid":{"rendered":"http:\/\/conurbanodiario.com.ar\/?p=6859"},"modified":"2020-07-29T05:34:44","modified_gmt":"2020-07-29T08:34:44","slug":"mientras-central-sigue-esperando-a-marco-ruben-ciro-rius-regresa-a-defensa-y-justicia","status":"publish","type":"post","link":"https:\/\/conurbanodiario.com.ar\/?p=6859","title":{"rendered":"MIENTRAS CENTRAL SIGUE ESPERANDO A MARCO RUBEN, CIRO RIUS REGRESA A DEFENSA Y JUSTICIA"},"content":{"rendered":"\n<p>El volante ofensivo Ciro Rius dejar\u00e1 Rosario Central para regresar a Defensa y Justicia, confirmaron fuentes del club \u00abcanalla\u00bb, mientras siguen a la espera de la decisi\u00f3n del delantero Marco Ruben, quien a\u00fan no defini\u00f3 si continuar\u00e1 en la actividad.<\/p>\n\n\n\n<p>\u00abRius dejar\u00e1 el club porque evaluamos que tenemos ese puesto cubierto con varios jugadores, como (Diego) Zabala y (Alan) Marinelli, a quienes el t\u00e9cnico les debe encontrar su lugar en el equipo\u00bb, dijo a T\u00e9lam el secretario del club de Arroyito, Guillermo Hanono.<\/p>\n\n\n\n<p>Consultado sobre la conveniencia de desprenderse de Rius, uno de los refuerzos que m\u00e1s le rindi\u00f3 a Central en el \u00faltimo a\u00f1o, el dirigente admiti\u00f3 que \u00abes cierto que Ciro nos ha rendido mucho, pero tambi\u00e9n es cierto que debemos definir el plantel en un puesto que tenemos cubierto y que tenemos necesidad de hacer una venta\u00bb.<\/p>\n\n\n\n<p>Rius, un volante oriundo de la ciudad bonaerense de Ramallo, de 31 a\u00f1os, es un hincha confeso de Central confeso, a quien el ex entrenador Diego Cocca hac\u00eda jugar como carrilero derecho.<\/p>\n\n\n\n<p>Con respecto al delantero Marco Ruben, Hanono se\u00f1al\u00f3 que \u00abm\u00e1s all\u00e1 de lo que dijo su representante (el empresario Andr\u00e9s Miranda), Marco nos dijo que quiere esperar a que haya una fecha concreta de vuelta a los entrenamientos para decidir si sigue jugando o no. Por ahora, lo seguiremos esperando\u00bb, explic\u00f3.<\/p>\n\n\n\n<p>En este sentido, el flamante entrenador \u00abcanalla\u00bb, Cristian \u00abKily\u00bb Gonz\u00e1lez, revel\u00f3 que pondr\u00e1 al delantero Lucas Gamba en el puesto en el que se sienta m\u00e1s c\u00f3modo y mejor pueda rendirle al equipo.<\/p>\n\n\n\n<p>En tanto, Central recibir\u00e1 una suma del orden de los 400.000 euros por un porcentaje del pase del delantero colombiano Duv\u00e1n Vergara, que Am\u00e9rica de Cali le vender\u00e1 a Herta Berl\u00edn, de Alemania.<\/p>\n","protected":false},"excerpt":{"rendered":"<p>El volante ofensivo Ciro Rius dejar\u00e1 Rosario Central para regresar a Defensa y Justicia, confirmaron&#8230;<\/p>\n","protected":false},"author":1,"featured_media":59656,"comment_status":"open","ping_status":"open","sticky":false,"template":"","format":"standard","meta":{"footnotes":""},"categories":[32],"tags":[],"class_list":["post-6859","post","type-post","status-publish","format-standard","has-post-thumbnail","hentry","category-deportes"],"_links":{"self":[{"href":"https:\/\/conurbanodiario.com.ar\/index.php?rest_route=\/wp\/v2\/posts\/6859","targetHints":{"allow":["GET"]}}],"collection":[{"href":"https:\/\/conurbanodiario.com.ar\/index.php?rest_route=\/wp\/v2\/posts"}],"about":[{"href":"https:\/\/conurbanodiario.com.ar\/index.php?rest_route=\/wp\/v2\/types\/post"}],"author":[{"embeddable":true,"href":"https:\/\/conurbanodiario.com.ar\/index.php?rest_route=\/wp\/v2\/users\/1"}],"replies":[{"embeddable":true,"href":"https:\/\/conurbanodiario.com.ar\/index.php?rest_route=%2Fwp%2Fv2%2Fcomments&post=6859"}],"version-history":[{"count":1,"href":"https:\/\/conurbanodiario.com.ar\/index.php?rest_route=\/wp\/v2\/posts\/6859\/revisions"}],"predecessor-version":[{"id":6861,"href":"https:\/\/conurbanodiario.com.ar\/index.php?rest_route=\/wp\/v2\/posts\/6859\/revisions\/6861"}],"wp:featuredmedia":[{"embeddable":true,"href":"https:\/\/conurbanodiario.com.ar\/index.php?rest_route=\/wp\/v2\/media\/59656"}],"wp:attachment":[{"href":"https:\/\/conurbanodiario.com.ar\/index.php?rest_route=%2Fwp%2Fv2%2Fmedia&parent=6859"}],"wp:term":[{"taxonomy":"category","embeddable":true,"href":"https:\/\/conurbanodiario.com.ar\/index.php?rest_route=%2Fwp%2Fv2%2Fcategories&post=6859"},{"taxonomy":"post_tag","embeddable":true,"href":"https:\/\/conurbanodiario.com.ar\/index.php?rest_route=%2Fwp%2Fv2%2Ftags&post=6859"}],"curies":[{"name":"wp","href":"https:\/\/api.w.org\/{rel}","templated":true}]}}