{"id":6854,"date":"2020-07-29T05:16:48","date_gmt":"2020-07-29T08:16:48","guid":{"rendered":"http:\/\/conurbanodiario.com.ar\/?p=6854"},"modified":"2020-07-29T05:16:49","modified_gmt":"2020-07-29T08:16:49","slug":"mas-de-300-personas-toman-tierras-rurales-en-la-localidad-bonaerense-de-guernica","status":"publish","type":"post","link":"https:\/\/conurbanodiario.com.ar\/?p=6854","title":{"rendered":"M\u00c1S DE 300 PERSONAS TOMAN TIERRAS RURALES EN LA LOCALIDAD BONAERENSE DE GUERNICA"},"content":{"rendered":"\n<p>M\u00e1s de 300 personas ocuparon terrenos rurales de la localidad bonaerense de Guernica, en el partido de Presidente Per\u00f3n, por lo que se radic\u00f3 una denuncia penal ante la justicia de La Plata por el delito de \u201cusurpaci\u00f3n\u201d, inform\u00f3 una fuente judicial.<\/p>\n\n\n\n<p>La toma de las tierras, unas 15 hect\u00e1reas ubicadas en el fondo del barrio San Mart\u00edn, provocaron incidentes entre los ocupantes y algunos propietarios de campos cercanos que se acercaron al lugar para tratar de desalojar a las familias que all\u00ed se instalaron.<\/p>\n\n\n\n<p>En un video que se viraliz\u00f3 por las redes sociales puede observarse c\u00f3mo los ocupantes arrojan palos y piedras a un grupo de hombres que se acerc\u00f3 a la zona a caballo para intentar desalojarlos.<\/p>\n\n\n\n<p>Una fuente de la municipalidad local explic\u00f3 que \u201cse espera una resoluci\u00f3n de la justicia a partir de la denuncia radicada en la fiscal\u00eda y la polic\u00eda local\u201d, y detall\u00f3 que la gente que ocup\u00f3 los terrenos proviene, en su mayor\u00eda, del Gran Buenos Aires.<\/p>\n\n\n\n<p>Tambi\u00e9n se precis\u00f3 que en el lugar se mantiene una consigna policial \u201ccon el objetivo de que no ingrese m\u00e1s gente al predio\u201d.<\/p>\n\n\n\n<p>La fuente explic\u00f3 que las tierras ocupadas \u201cestaban al cuidado de varias personas, pero ninguna tendr\u00eda el t\u00edtulo que las acredita como propietarios de esos terrenos\u201d.<\/p>\n\n\n\n<p>Adem\u00e1s, la subsecretar\u00eda de H\u00e1bitat del gobierno provincial \u201cest\u00e1 interviniendo en el tema y articulando con el Municipio para intentar llegar a una soluci\u00f3n para el problema habitacional que tiene la provincia de Buenos Aires\u201d, confi\u00f3 a T\u00e9lam un vocero de ese organismo.<\/p>\n","protected":false},"excerpt":{"rendered":"<p>M\u00e1s de 300 personas ocuparon terrenos rurales de la localidad bonaerense de Guernica, en el&#8230;<\/p>\n","protected":false},"author":1,"featured_media":59656,"comment_status":"open","ping_status":"open","sticky":false,"template":"","format":"standard","meta":{"footnotes":""},"categories":[28],"tags":[],"class_list":["post-6854","post","type-post","status-publish","format-standard","has-post-thumbnail","hentry","category-la-provincia"],"_links":{"self":[{"href":"https:\/\/conurbanodiario.com.ar\/index.php?rest_route=\/wp\/v2\/posts\/6854","targetHints":{"allow":["GET"]}}],"collection":[{"href":"https:\/\/conurbanodiario.com.ar\/index.php?rest_route=\/wp\/v2\/posts"}],"about":[{"href":"https:\/\/conurbanodiario.com.ar\/index.php?rest_route=\/wp\/v2\/types\/post"}],"author":[{"embeddable":true,"href":"https:\/\/conurbanodiario.com.ar\/index.php?rest_route=\/wp\/v2\/users\/1"}],"replies":[{"embeddable":true,"href":"https:\/\/conurbanodiario.com.ar\/index.php?rest_route=%2Fwp%2Fv2%2Fcomments&post=6854"}],"version-history":[{"count":1,"href":"https:\/\/conurbanodiario.com.ar\/index.php?rest_route=\/wp\/v2\/posts\/6854\/revisions"}],"predecessor-version":[{"id":6856,"href":"https:\/\/conurbanodiario.com.ar\/index.php?rest_route=\/wp\/v2\/posts\/6854\/revisions\/6856"}],"wp:featuredmedia":[{"embeddable":true,"href":"https:\/\/conurbanodiario.com.ar\/index.php?rest_route=\/wp\/v2\/media\/59656"}],"wp:attachment":[{"href":"https:\/\/conurbanodiario.com.ar\/index.php?rest_route=%2Fwp%2Fv2%2Fmedia&parent=6854"}],"wp:term":[{"taxonomy":"category","embeddable":true,"href":"https:\/\/conurbanodiario.com.ar\/index.php?rest_route=%2Fwp%2Fv2%2Fcategories&post=6854"},{"taxonomy":"post_tag","embeddable":true,"href":"https:\/\/conurbanodiario.com.ar\/index.php?rest_route=%2Fwp%2Fv2%2Ftags&post=6854"}],"curies":[{"name":"wp","href":"https:\/\/api.w.org\/{rel}","templated":true}]}}