{"id":6851,"date":"2020-07-29T04:56:11","date_gmt":"2020-07-29T07:56:11","guid":{"rendered":"http:\/\/conurbanodiario.com.ar\/?p=6851"},"modified":"2020-08-12T21:52:54","modified_gmt":"2020-08-13T00:52:54","slug":"mussi-se-reunio-con-representantes-de-la-cancilleria-argentina","status":"publish","type":"post","link":"https:\/\/conurbanodiario.com.ar\/?p=6851","title":{"rendered":"MUSSI SE REUNI\u00d3 CON REPRESENTANTES DE LA CANCILLER\u00cdA ARGENTINA"},"content":{"rendered":"\n<p><strong>Con el fin de innovar en lo productivo y propiciar la exportaci\u00f3n a nivel internacional de productos elaborados en el distrito, el intendente de Berazategui, Dr. Juan Jos\u00e9 Mussi, mantuvo una reuni\u00f3n por videoconferencia con el subsecretario de Asuntos Nacionales, Fernando Asencio, quien estuvo acompa\u00f1ado por importantes funcionarios del Ministerio de Relaciones Exteriores, Comercio Internacional y Culto de la Naci\u00f3n.<\/strong><\/p>\n\n\n\n<p>\u201cA trav\u00e9s de una videollamada, me reun\u00ed con Fernando Asencio, subsecretario de Asuntos Nacionales de la Canciller\u00eda argentina; Marcelo Colace, coordinador de Asuntos municipales; y Daniel Bolettieri, director nacional del Ministerio de Relaciones Exteriores, Comercio Internacional y Culto, adem\u00e1s de todo el equipo de trabajo. Planificamos acciones que nos permitan innovar y acercar las producciones de Berazategui al mundo, y concretar los objetivos de crecimiento y desarrollo de nuestro Programa \u00abBerazategui 2050\u201d, explic\u00f3 el Jefe comunal.<br><br>En la misma l\u00ednea, Asencio brind\u00f3 detalles sobre el encuentro: \u201cCon Juan Jos\u00e9 Mussi hablamos sobre el trabajo de la Canciller\u00eda para buscar, conjuntamente, la forma de que Berazategui pueda aumentar la exportaci\u00f3n de productos, una diversificaci\u00f3n productiva, y ayudar a concretar los objetivos de crecimiento y desarrollo en el Plan Berazategui 2050\u201d, se\u00f1al\u00f3.<\/p>\n\n\n\n<p>Por su parte, en sinton\u00eda con el subsecretario de Asuntos Nacionales, Bolettieri agreg\u00f3: \u201cLos programas con que cuenta la Canciller\u00eda son fundamentales para incrementar las exportaciones de manufacturas elaboradas en el distrito y para concretar los objetivos de crecimiento y desarrollo del Plan Berazategui 2050\u201d.<\/p>\n","protected":false},"excerpt":{"rendered":"<p>Con el fin de innovar en lo productivo y propiciar la exportaci\u00f3n a nivel internacional&#8230;<\/p>\n","protected":false},"author":1,"featured_media":59656,"comment_status":"open","ping_status":"open","sticky":false,"template":"","format":"standard","meta":{"footnotes":""},"categories":[35],"tags":[],"class_list":["post-6851","post","type-post","status-publish","format-standard","has-post-thumbnail","hentry","category-politica"],"_links":{"self":[{"href":"https:\/\/conurbanodiario.com.ar\/index.php?rest_route=\/wp\/v2\/posts\/6851","targetHints":{"allow":["GET"]}}],"collection":[{"href":"https:\/\/conurbanodiario.com.ar\/index.php?rest_route=\/wp\/v2\/posts"}],"about":[{"href":"https:\/\/conurbanodiario.com.ar\/index.php?rest_route=\/wp\/v2\/types\/post"}],"author":[{"embeddable":true,"href":"https:\/\/conurbanodiario.com.ar\/index.php?rest_route=\/wp\/v2\/users\/1"}],"replies":[{"embeddable":true,"href":"https:\/\/conurbanodiario.com.ar\/index.php?rest_route=%2Fwp%2Fv2%2Fcomments&post=6851"}],"version-history":[{"count":1,"href":"https:\/\/conurbanodiario.com.ar\/index.php?rest_route=\/wp\/v2\/posts\/6851\/revisions"}],"predecessor-version":[{"id":6853,"href":"https:\/\/conurbanodiario.com.ar\/index.php?rest_route=\/wp\/v2\/posts\/6851\/revisions\/6853"}],"wp:featuredmedia":[{"embeddable":true,"href":"https:\/\/conurbanodiario.com.ar\/index.php?rest_route=\/wp\/v2\/media\/59656"}],"wp:attachment":[{"href":"https:\/\/conurbanodiario.com.ar\/index.php?rest_route=%2Fwp%2Fv2%2Fmedia&parent=6851"}],"wp:term":[{"taxonomy":"category","embeddable":true,"href":"https:\/\/conurbanodiario.com.ar\/index.php?rest_route=%2Fwp%2Fv2%2Fcategories&post=6851"},{"taxonomy":"post_tag","embeddable":true,"href":"https:\/\/conurbanodiario.com.ar\/index.php?rest_route=%2Fwp%2Fv2%2Ftags&post=6851"}],"curies":[{"name":"wp","href":"https:\/\/api.w.org\/{rel}","templated":true}]}}