{"id":6848,"date":"2020-07-29T01:00:00","date_gmt":"2020-07-29T04:00:00","guid":{"rendered":"http:\/\/conurbanodiario.com.ar\/?p=6848"},"modified":"2020-07-29T04:53:39","modified_gmt":"2020-07-29T07:53:39","slug":"trabajadores-de-fabrica-bonaerense-cortaran-la-panamericana-en-demanda-del-pago-de-salarios","status":"publish","type":"post","link":"https:\/\/conurbanodiario.com.ar\/?p=6848","title":{"rendered":"TRABAJADORES DE F\u00c1BRICA BONAERENSE CORTAR\u00c1N LA PANAMERICANA EN DEMANDA DEL PAGO DE SALARIOS"},"content":{"rendered":"\n<p>El personal de la empresa Trento Vidrios, en la localidad bonaerense de Malvinas Argentinas, protestar\u00e1 este mi\u00e9rcoles en el ramal Pilar de la Autopista Panamericana en demanda del pago de los salarios y el aguinaldo de junio, inform\u00f3 la Central de los Trabajadores de la Argentina Aut\u00f3noma (CTAA).<\/p>\n\n\n\n<p>La protesta se realizar\u00e1 desde las 11 de ma\u00f1ana en la colectora este, ramal Pilar, kil\u00f3metro 33.500 de la Panamericana, donde los trabajadores cortar\u00e1n el tr\u00e1nsito e instalar\u00e1n una olla popular para difundir sus reclamos, indic\u00f3 hoy la central.<\/p>\n\n\n\n<p>Los trabajadores decidieron ayer la protesta en asamblea general ante \u00abel incumplimiento patronal de los decretos presidenciales y las resoluciones oportunamente dictadas por el Ministerio de Trabajo bonaerense\u00bb, aseguraron.<\/p>\n\n\n\n<p>El personal explic\u00f3 que la empresa en su momento produjo despidos \u00absin causa\u00bb, que debi\u00f3 retrotraer por orden judicial, y se\u00f1al\u00f3 que tambi\u00e9n se hab\u00eda comprometido ante la cartera laboral que encabeza la ministra Mara Ruiz Malec a abonar de forma inmediata \u00abla totalidad de los salarios y el medio aguinaldo\u00bb.<\/p>\n\n\n\n<p>El personal, agrupado en el Sindicato Argentino de Trabajadores de la Industria del Vidrio y Afines (Sativa) -encuadrado en la CTAA- denunci\u00f3 que los directivos adeudan salarios y aguinaldo y provocaron \u00abel corte de la obra social\u00bb gremial.<\/p>\n\n\n\n<p>\u201cNo obstante el oportuno dictamen de la cartera de Trabajo, que oblig\u00f3 a Trento Vidrios a abonar los haberes adeudados, la empresa lo hizo por partes, aunque recibi\u00f3 de forma simult\u00e1nea la ayuda oficial a trav\u00e9s del Programa de Asistencia al Trabajo y la Producci\u00f3n (ATP)\u00bb, puntualiz\u00f3 la central en un comunicado.<\/p>\n\n\n\n<p>Los trabajadores tambi\u00e9n aseguraron que la patronal tampoco realiz\u00f3 \u00ablos aportes jubilatorios y de obra social, lo que dej\u00f3 sin atenci\u00f3n a la mitad de la planta\u00bb, seg\u00fan denunci\u00f3 ayer el secretario adjunto del gremio, Guido Morales.<\/p>\n","protected":false},"excerpt":{"rendered":"<p>El personal de la empresa Trento Vidrios, en la localidad bonaerense de Malvinas Argentinas, protestar\u00e1&#8230;<\/p>\n","protected":false},"author":1,"featured_media":59656,"comment_status":"open","ping_status":"open","sticky":false,"template":"","format":"standard","meta":{"footnotes":""},"categories":[30],"tags":[],"class_list":["post-6848","post","type-post","status-publish","format-standard","has-post-thumbnail","hentry","category-gremiales"],"_links":{"self":[{"href":"https:\/\/conurbanodiario.com.ar\/index.php?rest_route=\/wp\/v2\/posts\/6848","targetHints":{"allow":["GET"]}}],"collection":[{"href":"https:\/\/conurbanodiario.com.ar\/index.php?rest_route=\/wp\/v2\/posts"}],"about":[{"href":"https:\/\/conurbanodiario.com.ar\/index.php?rest_route=\/wp\/v2\/types\/post"}],"author":[{"embeddable":true,"href":"https:\/\/conurbanodiario.com.ar\/index.php?rest_route=\/wp\/v2\/users\/1"}],"replies":[{"embeddable":true,"href":"https:\/\/conurbanodiario.com.ar\/index.php?rest_route=%2Fwp%2Fv2%2Fcomments&post=6848"}],"version-history":[{"count":1,"href":"https:\/\/conurbanodiario.com.ar\/index.php?rest_route=\/wp\/v2\/posts\/6848\/revisions"}],"predecessor-version":[{"id":6850,"href":"https:\/\/conurbanodiario.com.ar\/index.php?rest_route=\/wp\/v2\/posts\/6848\/revisions\/6850"}],"wp:featuredmedia":[{"embeddable":true,"href":"https:\/\/conurbanodiario.com.ar\/index.php?rest_route=\/wp\/v2\/media\/59656"}],"wp:attachment":[{"href":"https:\/\/conurbanodiario.com.ar\/index.php?rest_route=%2Fwp%2Fv2%2Fmedia&parent=6848"}],"wp:term":[{"taxonomy":"category","embeddable":true,"href":"https:\/\/conurbanodiario.com.ar\/index.php?rest_route=%2Fwp%2Fv2%2Fcategories&post=6848"},{"taxonomy":"post_tag","embeddable":true,"href":"https:\/\/conurbanodiario.com.ar\/index.php?rest_route=%2Fwp%2Fv2%2Ftags&post=6848"}],"curies":[{"name":"wp","href":"https:\/\/api.w.org\/{rel}","templated":true}]}}