{"id":6845,"date":"2020-07-29T02:47:00","date_gmt":"2020-07-29T05:47:00","guid":{"rendered":"http:\/\/conurbanodiario.com.ar\/?p=6845"},"modified":"2020-07-29T04:49:55","modified_gmt":"2020-07-29T07:49:55","slug":"varela-propuestas-para-divertirse-en-familia","status":"publish","type":"post","link":"https:\/\/conurbanodiario.com.ar\/?p=6845","title":{"rendered":"VARELA: PROPUESTAS PARA DIVERTIRSE EN FAMILIA"},"content":{"rendered":"\n<p>El receso escolar siempre es una linda oportunidad para pasar tiempo en familia, compartiendo junto a nuestros seres queridos. Un momento de descanso de las obligaciones diarias, de relajaci\u00f3n y diversi\u00f3n. El de este a\u00f1o, aunque en un contexto muy diferente, no deja serlo: disfrutar un buen rato con nuestros peque\u00f1os se vuelve la premisa fundamental. La variedad de propuestas es amplia: actividades musicales, art\u00edsticas, deportivas y recreativas. Hay opciones para todos los gustos.<\/p>\n\n\n\n<p>Para la jornada de este mi\u00e9rcoles, la Comuna, desde su Secretar\u00eda de Cultura, Deportes y Recreaci\u00f3n de la Municipalidad de Varela, ofrece a partir de las 10hs, una recopilaci\u00f3n de las mejores canciones de cada una de las obras realizadas en los \u00faltimos a\u00f1os por la Direcci\u00f3n de Teatro. La misma se compartir\u00e1 a trav\u00e9s del canal de YouTube del \u00e1rea.<\/p>\n\n\n\n<p>En tanto, a las 12hs y como todos los d\u00edas hasta el 31 de julio, se podr\u00e1n revivir los mejores videos y canciones de \u201cCoco, el musical\u201d, que se emitir\u00e1 por <a href=\"https:\/\/www.facebook.com\/CulturaFlorencioVarela\">https:\/\/www.facebook.com\/CulturaFlorencioVarela<\/a>.<\/p>\n\n\n\n<p>Por la tarde, para aquellos interesados en el deporte y la actividad f\u00edsica, se brindar\u00e1 a las 17hs una clase abierta de entrenamiento a cargo del bailar\u00edn y acr\u00f3bata Gabriel Carabajal. La trasmisi\u00f3n ser\u00e1 un vivo v\u00eda la p\u00e1gina de Facebook de la cartera municipal.<\/p>\n\n\n\n<p>Por \u00faltimo, a las 19hs, ser\u00e1 el turno de la m\u00fasica. El profesor Leandro de Marco dar\u00e1 la 2\u00b0 clase de guitarra. Lo har\u00e1 a trav\u00e9s del Facebook Escuela Bandas de Rock.<\/p>\n","protected":false},"excerpt":{"rendered":"<p>El receso escolar siempre es una linda oportunidad para pasar tiempo en familia, compartiendo junto&#8230;<\/p>\n","protected":false},"author":1,"featured_media":59656,"comment_status":"open","ping_status":"open","sticky":false,"template":"","format":"standard","meta":{"footnotes":""},"categories":[8],"tags":[],"class_list":["post-6845","post","type-post","status-publish","format-standard","has-post-thumbnail","hentry","category-cultura"],"_links":{"self":[{"href":"https:\/\/conurbanodiario.com.ar\/index.php?rest_route=\/wp\/v2\/posts\/6845","targetHints":{"allow":["GET"]}}],"collection":[{"href":"https:\/\/conurbanodiario.com.ar\/index.php?rest_route=\/wp\/v2\/posts"}],"about":[{"href":"https:\/\/conurbanodiario.com.ar\/index.php?rest_route=\/wp\/v2\/types\/post"}],"author":[{"embeddable":true,"href":"https:\/\/conurbanodiario.com.ar\/index.php?rest_route=\/wp\/v2\/users\/1"}],"replies":[{"embeddable":true,"href":"https:\/\/conurbanodiario.com.ar\/index.php?rest_route=%2Fwp%2Fv2%2Fcomments&post=6845"}],"version-history":[{"count":1,"href":"https:\/\/conurbanodiario.com.ar\/index.php?rest_route=\/wp\/v2\/posts\/6845\/revisions"}],"predecessor-version":[{"id":6847,"href":"https:\/\/conurbanodiario.com.ar\/index.php?rest_route=\/wp\/v2\/posts\/6845\/revisions\/6847"}],"wp:featuredmedia":[{"embeddable":true,"href":"https:\/\/conurbanodiario.com.ar\/index.php?rest_route=\/wp\/v2\/media\/59656"}],"wp:attachment":[{"href":"https:\/\/conurbanodiario.com.ar\/index.php?rest_route=%2Fwp%2Fv2%2Fmedia&parent=6845"}],"wp:term":[{"taxonomy":"category","embeddable":true,"href":"https:\/\/conurbanodiario.com.ar\/index.php?rest_route=%2Fwp%2Fv2%2Fcategories&post=6845"},{"taxonomy":"post_tag","embeddable":true,"href":"https:\/\/conurbanodiario.com.ar\/index.php?rest_route=%2Fwp%2Fv2%2Ftags&post=6845"}],"curies":[{"name":"wp","href":"https:\/\/api.w.org\/{rel}","templated":true}]}}