{"id":6841,"date":"2020-07-29T04:44:00","date_gmt":"2020-07-29T07:44:00","guid":{"rendered":"http:\/\/conurbanodiario.com.ar\/?p=6841"},"modified":"2020-07-29T04:44:01","modified_gmt":"2020-07-29T07:44:01","slug":"el-gobierno-nacional-implementara-en-avellaneda-un-programa-de-voluntariado","status":"publish","type":"post","link":"https:\/\/conurbanodiario.com.ar\/?p=6841","title":{"rendered":"EL GOBIERNO NACIONAL IMPLEMENTAR\u00c1 EN AVELLANEDA UN PROGRAMA DE VOLUNTARIADO"},"content":{"rendered":"\n<p>El intendente de Avellaneda, Jorge Ferraresi, recibi\u00f3 el viernes pasado en el Palacio Municipal al secretario de Calidad en Salud del Ministerio de Salud de la Naci\u00f3n, Arnaldo Medina; a la secretaria de Gesti\u00f3n y Empleo P\u00fablico de la Naci\u00f3n, Ana Castellani y al secretario General de ATE Capital Federal, Daniel Catalano, adem\u00e1s de otros funcionarios con quienes conversaron sobre la puesta en marcha de un programa de voluntariado territorial en nuestra ciudad.&nbsp;<\/p>\n\n\n\n<p>Avellaneda ser\u00e1 el primer municipio donde se implementar\u00e1 esta propuesta de asistencia social, alimentaria y de b\u00fasqueda puerta por puerta de posibles contagios de Covid-19. &nbsp;<\/p>\n\n\n\n<p>Con el objetivo de llevar adelante este plan, los diferentes niveles del Estado se enlazar\u00e1n para garantizar la capacitaci\u00f3n del personal, adem\u00e1s del equipamiento y los materiales necesarios para su puesta en marcha.&nbsp;<\/p>\n\n\n\n<p>De la reuni\u00f3n tambi\u00e9n particip\u00f3 la secretaria de Salud de Avellaneda, Virginia Alga\u00f1araz.&nbsp;<\/p>\n","protected":false},"excerpt":{"rendered":"<p>El intendente de Avellaneda, Jorge Ferraresi, recibi\u00f3 el viernes pasado en el Palacio Municipal al&#8230;<\/p>\n","protected":false},"author":1,"featured_media":59656,"comment_status":"open","ping_status":"open","sticky":false,"template":"","format":"standard","meta":{"footnotes":""},"categories":[3],"tags":[],"class_list":["post-6841","post","type-post","status-publish","format-standard","has-post-thumbnail","hentry","category-informacion-general"],"_links":{"self":[{"href":"https:\/\/conurbanodiario.com.ar\/index.php?rest_route=\/wp\/v2\/posts\/6841","targetHints":{"allow":["GET"]}}],"collection":[{"href":"https:\/\/conurbanodiario.com.ar\/index.php?rest_route=\/wp\/v2\/posts"}],"about":[{"href":"https:\/\/conurbanodiario.com.ar\/index.php?rest_route=\/wp\/v2\/types\/post"}],"author":[{"embeddable":true,"href":"https:\/\/conurbanodiario.com.ar\/index.php?rest_route=\/wp\/v2\/users\/1"}],"replies":[{"embeddable":true,"href":"https:\/\/conurbanodiario.com.ar\/index.php?rest_route=%2Fwp%2Fv2%2Fcomments&post=6841"}],"version-history":[{"count":1,"href":"https:\/\/conurbanodiario.com.ar\/index.php?rest_route=\/wp\/v2\/posts\/6841\/revisions"}],"predecessor-version":[{"id":6844,"href":"https:\/\/conurbanodiario.com.ar\/index.php?rest_route=\/wp\/v2\/posts\/6841\/revisions\/6844"}],"wp:featuredmedia":[{"embeddable":true,"href":"https:\/\/conurbanodiario.com.ar\/index.php?rest_route=\/wp\/v2\/media\/59656"}],"wp:attachment":[{"href":"https:\/\/conurbanodiario.com.ar\/index.php?rest_route=%2Fwp%2Fv2%2Fmedia&parent=6841"}],"wp:term":[{"taxonomy":"category","embeddable":true,"href":"https:\/\/conurbanodiario.com.ar\/index.php?rest_route=%2Fwp%2Fv2%2Fcategories&post=6841"},{"taxonomy":"post_tag","embeddable":true,"href":"https:\/\/conurbanodiario.com.ar\/index.php?rest_route=%2Fwp%2Fv2%2Ftags&post=6841"}],"curies":[{"name":"wp","href":"https:\/\/api.w.org\/{rel}","templated":true}]}}