{"id":6835,"date":"2020-07-29T04:00:00","date_gmt":"2020-07-29T07:00:00","guid":{"rendered":"http:\/\/conurbanodiario.com.ar\/?p=6835"},"modified":"2020-07-29T04:23:17","modified_gmt":"2020-07-29T07:23:17","slug":"la-justicia-le-nego-la-excarcelacion-al-unico-imputado-por-matar-a-una-mujer-luego-de-atropellarla","status":"publish","type":"post","link":"https:\/\/conurbanodiario.com.ar\/?p=6835","title":{"rendered":"LA JUSTICIA LE NEG\u00d3 LA EXCARCELACI\u00d3N AL \u00daNICO IMPUTADO POR MATAR A UNA MUJER LUEGO DE ATROPELLARLA"},"content":{"rendered":"\n<p>El hombre acusado de atropellar y matar a Noelia Becerro (41), el 13 de julio pasado en Florencio Varela, permanecer\u00e1 con prisi\u00f3n preventiva, luego de que un juez de Garant\u00edas rechaz\u00f3 un pedido de excarcelaci\u00f3n solicitado por su defensa, informaron fuentes judiciales.<\/p>\n\n\n\n<p>El juez de Garant\u00edas 6 de Quilmes, Diego Ag\u00fcero, rechaz\u00f3 en las \u00faltimas horas el pedido de cambio de car\u00e1tula del expediente y la excarcelaci\u00f3n del imputado Leando Jacob Delgado (33), quien de esta manera permanecer\u00e1 detenido por el homicidio de Noelia Becerro.<\/p>\n\n\n\n<p>Delgado est\u00e1 acusado de ser autor del \u00abhomicidio culposo por conducci\u00f3n imprudente de un veh\u00edculo automotor, agravado por darse a la fuga en concurso legal con abandono de persona seguido de muerte\u201d, que prev\u00e9 una pena en un futuro juicio oral de entre 5 y 15 a\u00f1os de prisi\u00f3n.<\/p>\n\n\n\n<p>Mariela, una de las hermanas de Noel\u00eda, dijo que est\u00e1 conforme con la decisi\u00f3n del juez y que lo toma como \u00abun respiro para el alma\u00bb, aunque afirm\u00f3 que \u201cel dolor por lo que pas\u00f3 no pasa\u00bb.<\/p>\n\n\n\n<p>Delgado est\u00e1 acusado de atropellar y matar a Becerro mientras circulaba el pasado 13 de julio a las 6.30 de la ma\u00f1ana por la ruta 53, entre las calles 1486 y 1490, en una zona rural de Florencio Varela.<\/p>\n\n\n\n<p>Luego de atropellarla, el automovilista huy\u00f3 del lugar sin asistir a la v\u00edctima pero los investigadores hallaron un espejo retrovisor del auto que protagoniz\u00f3 el accidente, por lo que comenz\u00f3 la b\u00fasqueda del sospechoso.<\/p>\n\n\n\n<p>Tras una r\u00e1pida investigaci\u00f3n, se logr\u00f3 la detenci\u00f3n de Delgado y el secuestro del veh\u00edculo, un Peugeot 208 color blanco al que le faltaba el espejo retrovisor del lateral derecho, presentaba da\u00f1os en el paragolpes delantero y ten\u00eda parabrisas astillado.<\/p>\n\n\n\n<p>La autopsia realizada al cuerpo de la v\u00edctima arroj\u00f3 que falleci\u00f3 producto de un \u00abtraumatismo muy grande en la cabeza y varios politraumatismos compatibles con el arrollamiento\u00bb.<\/p>\n","protected":false},"excerpt":{"rendered":"<p>El hombre acusado de atropellar y matar a Noelia Becerro (41), el 13 de julio&#8230;<\/p>\n","protected":false},"author":1,"featured_media":59656,"comment_status":"open","ping_status":"open","sticky":false,"template":"","format":"standard","meta":{"footnotes":""},"categories":[29],"tags":[],"class_list":["post-6835","post","type-post","status-publish","format-standard","has-post-thumbnail","hentry","category-judiciales"],"_links":{"self":[{"href":"https:\/\/conurbanodiario.com.ar\/index.php?rest_route=\/wp\/v2\/posts\/6835","targetHints":{"allow":["GET"]}}],"collection":[{"href":"https:\/\/conurbanodiario.com.ar\/index.php?rest_route=\/wp\/v2\/posts"}],"about":[{"href":"https:\/\/conurbanodiario.com.ar\/index.php?rest_route=\/wp\/v2\/types\/post"}],"author":[{"embeddable":true,"href":"https:\/\/conurbanodiario.com.ar\/index.php?rest_route=\/wp\/v2\/users\/1"}],"replies":[{"embeddable":true,"href":"https:\/\/conurbanodiario.com.ar\/index.php?rest_route=%2Fwp%2Fv2%2Fcomments&post=6835"}],"version-history":[{"count":1,"href":"https:\/\/conurbanodiario.com.ar\/index.php?rest_route=\/wp\/v2\/posts\/6835\/revisions"}],"predecessor-version":[{"id":6837,"href":"https:\/\/conurbanodiario.com.ar\/index.php?rest_route=\/wp\/v2\/posts\/6835\/revisions\/6837"}],"wp:featuredmedia":[{"embeddable":true,"href":"https:\/\/conurbanodiario.com.ar\/index.php?rest_route=\/wp\/v2\/media\/59656"}],"wp:attachment":[{"href":"https:\/\/conurbanodiario.com.ar\/index.php?rest_route=%2Fwp%2Fv2%2Fmedia&parent=6835"}],"wp:term":[{"taxonomy":"category","embeddable":true,"href":"https:\/\/conurbanodiario.com.ar\/index.php?rest_route=%2Fwp%2Fv2%2Fcategories&post=6835"},{"taxonomy":"post_tag","embeddable":true,"href":"https:\/\/conurbanodiario.com.ar\/index.php?rest_route=%2Fwp%2Fv2%2Ftags&post=6835"}],"curies":[{"name":"wp","href":"https:\/\/api.w.org\/{rel}","templated":true}]}}