{"id":6829,"date":"2020-07-29T03:47:49","date_gmt":"2020-07-29T06:47:49","guid":{"rendered":"http:\/\/conurbanodiario.com.ar\/?p=6829"},"modified":"2020-07-29T03:47:50","modified_gmt":"2020-07-29T06:47:50","slug":"berazategui-ya-se-puede-inscribir-a-los-nuevos-seminarios-virtuales-de-cultura","status":"publish","type":"post","link":"https:\/\/conurbanodiario.com.ar\/?p=6829","title":{"rendered":"BERAZATEGUI: YA SE PUEDE INSCRIBIR A LOS NUEVOS SEMINARIOS VIRTUALES DE CULTURA"},"content":{"rendered":"\n<p>La Secretar\u00eda de Cultura y Educaci\u00f3n de la Municipalidad de Berazategui pone a disposici\u00f3n de los vecinos Seminarios virtuales, de acceso libre y gratuito, a trav\u00e9s de la Plataforma de Contenidos Educativos. De esta manera, hasta el viernes 7 de agosto a las 12.00 est\u00e1 abierta la inscripci\u00f3n a los cursos de artesan\u00edas, cer\u00e1mica, fotograf\u00eda, m\u00fasica y vidrio. Quienes quieran inscribirse deben ingresar a\u00a0<a rel=\"noreferrer noopener\" href=\"http:\/\/berazategui.gob.ar\/cultura\" target=\"_blank\">berazategui.gob.ar\/cultura<\/a>.<br><br>Las primeras propuestas pedag\u00f3gicas en este nuevo formato ser\u00e1n \u201cAprendiendo a tejer macram\u00e9\u201d, \u201cDel barro a la arcilla\u201d, \u201cRetoque de piel en Photoshop\u201d, \u201cFormas musicales: concepto y aplicaci\u00f3n a la interpretaci\u00f3n y a la escucha\u201d, y \u201cTexturas b\u00e1sicas en vidrio\u201d. Se trata de experiencias educativas diversas, orientadas a estudiantes con distintos niveles de conocimiento.<\/p>\n\n\n\n<p>La cantidad de clases var\u00eda seg\u00fan la propuesta: entre tres y cinco encuentros semanales. Al finalizar estos recorridos, los estudiantes recibir\u00e1n certificados digitales de asistencia.<\/p>\n\n\n\n<p>Al respecto, el director general de Educaci\u00f3n de la Secretar\u00eda de Cultura y Educaci\u00f3n, Ignacio Del Pizzo, asegur\u00f3: \u201cLuego de las distintas etapas que fuimos cumpliendo con la Plataforma Web de Contenidos Educativos, abrimos los Seminarios virtuales, que en un principio van a ser 5, correspondientes a aquellas \u00e1reas educativas que ya tienen una Escuela municipal en su estructura. Por lo tanto, el lunes 10 de agosto vamos a lanzar el Seminario de artesan\u00edas; el martes 11, el de cer\u00e1mica; el mi\u00e9rcoles 12, el de fotograf\u00eda; el jueves 13, el de m\u00fasica; y el viernes 14, el de vidrio\u201d.<\/p>\n\n\n\n<p>En cuanto al m\u00e9todo de cursada, Del Pizzo aclar\u00f3: \u201cSon Seminarios virtuales que tienen una clase semanal a lo largo de entre 3 y 5 encuentros, dependiendo de la tem\u00e1tica elegida dentro de ese lenguaje. Quienes se inscriban van a estar en contacto constante con los docentes, con distintas herramientas como videos, foros de consulta y dem\u00e1s\u201d.<\/p>\n\n\n\n<p>Por \u00faltimo, destac\u00f3: \u201cDesde la Secretar\u00eda creemos que la cultura es salud y es educaci\u00f3n. Y, en ese sentido, mixturamos las distintas propuestas que estamos haciendo en estos tiempos de coronavirus\u201d.<\/p>\n\n\n\n<p>Adem\u00e1s de los seminarios, la Plataforma Web de Contenidos Educativos es una p\u00e1gina donde se encuentra material de las 13 \u00e1reas educativas de la Cartera de Cultura y Educaci\u00f3n, entre los que se destacan videos tutoriales, art\u00edculos pedag\u00f3gicos, galer\u00edas de fotos, libros, actividades para hacer en familia y muchas otras herramientas de aprendizaje. Tambi\u00e9n cuenta con un Aula virtual, para la capacitaci\u00f3n de los voluntarios de la Campa\u00f1a Municipal de Alfabetizaci\u00f3n.<\/p>\n\n\n\n<p>Desde su lanzamiento en abril de este a\u00f1o, en el marco del aislamiento social, preventivo y obligatorio, cerca de 5 mil usuarios ya se sumaron a las diferentes alternativas ofrecidas.<\/p>\n\n\n\n<p>Quienes deseen disfrutar de esta propuesta, pueden hacerlo ingresando en&nbsp;<a href=\"http:\/\/berazategui.gob.ar\/cultura\/plataformaeducativa\" target=\"_blank\" rel=\"noreferrer noopener\">berazategui.gob.ar\/cultura\/plataformaeducativa<\/a>. All\u00ed, deber\u00e1n generar un usuario y contrase\u00f1a, siguiendo los pasos que indica el sistema. En el caso de tener inconvenientes a la hora de registrarse, tambi\u00e9n pueden acceder a un did\u00e1ctico tutorial disponible en las redes sociales de la Secretar\u00eda de Cultura y Educaci\u00f3n municipal (@CulturaBe).<\/p>\n","protected":false},"excerpt":{"rendered":"<p>La Secretar\u00eda de Cultura y Educaci\u00f3n de la Municipalidad de Berazategui pone a disposici\u00f3n de&#8230;<\/p>\n","protected":false},"author":1,"featured_media":59656,"comment_status":"open","ping_status":"open","sticky":false,"template":"","format":"standard","meta":{"footnotes":""},"categories":[8],"tags":[],"class_list":["post-6829","post","type-post","status-publish","format-standard","has-post-thumbnail","hentry","category-cultura"],"_links":{"self":[{"href":"https:\/\/conurbanodiario.com.ar\/index.php?rest_route=\/wp\/v2\/posts\/6829","targetHints":{"allow":["GET"]}}],"collection":[{"href":"https:\/\/conurbanodiario.com.ar\/index.php?rest_route=\/wp\/v2\/posts"}],"about":[{"href":"https:\/\/conurbanodiario.com.ar\/index.php?rest_route=\/wp\/v2\/types\/post"}],"author":[{"embeddable":true,"href":"https:\/\/conurbanodiario.com.ar\/index.php?rest_route=\/wp\/v2\/users\/1"}],"replies":[{"embeddable":true,"href":"https:\/\/conurbanodiario.com.ar\/index.php?rest_route=%2Fwp%2Fv2%2Fcomments&post=6829"}],"version-history":[{"count":1,"href":"https:\/\/conurbanodiario.com.ar\/index.php?rest_route=\/wp\/v2\/posts\/6829\/revisions"}],"predecessor-version":[{"id":6831,"href":"https:\/\/conurbanodiario.com.ar\/index.php?rest_route=\/wp\/v2\/posts\/6829\/revisions\/6831"}],"wp:featuredmedia":[{"embeddable":true,"href":"https:\/\/conurbanodiario.com.ar\/index.php?rest_route=\/wp\/v2\/media\/59656"}],"wp:attachment":[{"href":"https:\/\/conurbanodiario.com.ar\/index.php?rest_route=%2Fwp%2Fv2%2Fmedia&parent=6829"}],"wp:term":[{"taxonomy":"category","embeddable":true,"href":"https:\/\/conurbanodiario.com.ar\/index.php?rest_route=%2Fwp%2Fv2%2Fcategories&post=6829"},{"taxonomy":"post_tag","embeddable":true,"href":"https:\/\/conurbanodiario.com.ar\/index.php?rest_route=%2Fwp%2Fv2%2Ftags&post=6829"}],"curies":[{"name":"wp","href":"https:\/\/api.w.org\/{rel}","templated":true}]}}