{"id":6826,"date":"2020-07-29T01:39:00","date_gmt":"2020-07-29T04:39:00","guid":{"rendered":"http:\/\/conurbanodiario.com.ar\/?p=6826"},"modified":"2020-07-29T03:44:37","modified_gmt":"2020-07-29T06:44:37","slug":"municipio-platense-controlo-sintomas-a-mas-de-40-000-vecinos-de-barrios-populares","status":"publish","type":"post","link":"https:\/\/conurbanodiario.com.ar\/?p=6826","title":{"rendered":"MUNICIPIO PLATENSE CONTROL\u00d3 S\u00cdNTOMAS A M\u00c1S DE 40.000 VECINOS DE BARRIOS POPULARES"},"content":{"rendered":"\n<p>Agentes sanitarios de la ciudad de La Plata controlaron la temperatura y el olfato a m\u00e1s de 40.000 vecinos de barrios populares de la periferia platense, en el marco de la b\u00fasqueda casa por casa de casos de coronavirus, inform\u00f3 el municipio.<\/p>\n\n\n\n<p>Seg\u00fan detall\u00f3 la municipalidad de La Plata, ya realiz\u00f3 \u00abcontroles sintom\u00e1ticos a 41.339 vecinos de barrios populares\u00bb.<\/p>\n\n\n\n<p>Los operativos, coordinados con la Regi\u00f3n Sanitaria XI, los comit\u00e9s de crisis barriales y la Universidad Nacional de La Plata, implican la visita puerta a puerta y en ellas se verifica la temperatura corporal y el sentido del olfato a los residentes.<\/p>\n\n\n\n<p>El secretario de Salud local, Enrique Rifourcat, detall\u00f3 que \u00ablos controles responden a una estrategia de b\u00fasqueda activa de casos sospechosos, reforzando el accionar en aquellas zonas donde se detectan personas con sintomatolog\u00eda compatible con el virus\u00bb.<\/p>\n\n\n\n<p>\u00abLos registros sintom\u00e1ticos se efect\u00faan a todos los habitantes de la casa en pos de detectar alg\u00fan s\u00edntoma de alerta en relaci\u00f3n al coronavirus\u00bb, manifest\u00f3 Rifourcat y asegur\u00f3 que \u00aben caso de que alguna persona presente sintomatolog\u00eda sospechosa, se da inmediata intervenci\u00f3n a los m\u00e9dicos del SAME\u00bb.<\/p>\n\n\n\n<p>Seg\u00fan se inform\u00f3, como parte del plan de prevenci\u00f3n local, la Municipalidad platense tambi\u00e9n desarroll\u00f3 operativos integrales de asistencia sanitaria, alimentaria y social a familias en situaci\u00f3n de vulnerabilidad.<\/p>\n\n\n\n<p>En este aspecto, la secretaria de Desarrollo de la Comunidad, Julieta Quintero Chasman, explic\u00f3 que \u00abadem\u00e1s de constatar la sintomatolog\u00eda de cada vecino, se entregan viandas de comida caliente y se eval\u00faa la situaci\u00f3n socioecon\u00f3mica de cada hogar para articular posteriores acciones de asistencia\u00bb.<\/p>\n\n\n\n<p>\u00abEs importante estar cerca de cada familia y atender la emergencia sanitaria tambi\u00e9n desde el plano social y alimentario\u00bb, enfatiz\u00f3.<\/p>\n","protected":false},"excerpt":{"rendered":"<p>Agentes sanitarios de la ciudad de La Plata controlaron la temperatura y el olfato a&#8230;<\/p>\n","protected":false},"author":1,"featured_media":59656,"comment_status":"open","ping_status":"open","sticky":false,"template":"","format":"standard","meta":{"footnotes":""},"categories":[31],"tags":[],"class_list":["post-6826","post","type-post","status-publish","format-standard","has-post-thumbnail","hentry","category-salud"],"_links":{"self":[{"href":"https:\/\/conurbanodiario.com.ar\/index.php?rest_route=\/wp\/v2\/posts\/6826","targetHints":{"allow":["GET"]}}],"collection":[{"href":"https:\/\/conurbanodiario.com.ar\/index.php?rest_route=\/wp\/v2\/posts"}],"about":[{"href":"https:\/\/conurbanodiario.com.ar\/index.php?rest_route=\/wp\/v2\/types\/post"}],"author":[{"embeddable":true,"href":"https:\/\/conurbanodiario.com.ar\/index.php?rest_route=\/wp\/v2\/users\/1"}],"replies":[{"embeddable":true,"href":"https:\/\/conurbanodiario.com.ar\/index.php?rest_route=%2Fwp%2Fv2%2Fcomments&post=6826"}],"version-history":[{"count":1,"href":"https:\/\/conurbanodiario.com.ar\/index.php?rest_route=\/wp\/v2\/posts\/6826\/revisions"}],"predecessor-version":[{"id":6828,"href":"https:\/\/conurbanodiario.com.ar\/index.php?rest_route=\/wp\/v2\/posts\/6826\/revisions\/6828"}],"wp:featuredmedia":[{"embeddable":true,"href":"https:\/\/conurbanodiario.com.ar\/index.php?rest_route=\/wp\/v2\/media\/59656"}],"wp:attachment":[{"href":"https:\/\/conurbanodiario.com.ar\/index.php?rest_route=%2Fwp%2Fv2%2Fmedia&parent=6826"}],"wp:term":[{"taxonomy":"category","embeddable":true,"href":"https:\/\/conurbanodiario.com.ar\/index.php?rest_route=%2Fwp%2Fv2%2Fcategories&post=6826"},{"taxonomy":"post_tag","embeddable":true,"href":"https:\/\/conurbanodiario.com.ar\/index.php?rest_route=%2Fwp%2Fv2%2Ftags&post=6826"}],"curies":[{"name":"wp","href":"https:\/\/api.w.org\/{rel}","templated":true}]}}