{"id":6823,"date":"2020-07-29T03:30:51","date_gmt":"2020-07-29T06:30:51","guid":{"rendered":"http:\/\/conurbanodiario.com.ar\/?p=6823"},"modified":"2020-07-29T03:30:52","modified_gmt":"2020-07-29T06:30:52","slug":"luego-de-casi-40-anos-viviani-renuncio-a-la-conduccion-de-taxistas-por-cansancio-y-decepcion","status":"publish","type":"post","link":"https:\/\/conurbanodiario.com.ar\/?p=6823","title":{"rendered":"LUEGO DE CASI 40 A\u00d1OS, VIVIANI RENUNCI\u00d3 A LA CONDUCCI\u00d3N DE TAXISTAS POR \u00abCANSANCIO Y DECEPCI\u00d3N\u00bb"},"content":{"rendered":"\n<p>El secretario general del Sindicato de Peones de Taxis (SPT) y de la Federaci\u00f3n del sector (Fepetax), el hist\u00f3rico dirigente gremial Omar Viviani, renunci\u00f3 luego de 37 a\u00f1os a la secretar\u00eda general de ambas organizaciones gremiales.<\/p>\n\n\n\n<p>Fuentes gremiales indicaron que el exintegrante del consejo directivo de la CGT, de 69 a\u00f1os, aleg\u00f3 \u00abcansancio\u00bb y \u00abdecepci\u00f3n\u00bb ante la realidad de su gremio y \u00abel seguro avance de una ley que legalizar\u00e1 las aplicaciones Uber y Cabify, lo que menguar\u00e1 a\u00fan m\u00e1s los puestos de trabajo en el sector\u00bb, entre otras razones.<\/p>\n\n\n\n<p>El dirigente gremial, un hist\u00f3rico del movimiento obrero organizado, integrante de la Confederaci\u00f3n Argentina de Trabajadores del Transporte (CATT) y cofundador del Movimiento de Acci\u00f3n Sindical Argentino (MASA), present\u00f3 de manera formal su renuncia, que ser\u00e1 analizada y aprobada la semana pr\u00f3xima por la conducci\u00f3n de la entidad, a cuyo frente quedar\u00e1 Jorge Garc\u00eda.<\/p>\n\n\n\n<p>Viviani hab\u00eda anticipado a sus \u00edntimos que presentar\u00eda formalmente la dimisi\u00f3n a ambos cargos el pr\u00f3ximo mi\u00e9rcoles 5, pero \u00abcansado y decepcionado\u00bb por \u00abvarias causas y factores\u00bb, adelant\u00f3 su determinaci\u00f3n y se retir\u00f3 de la actividad gremial.<\/p>\n\n\n\n<p>\u00abA su cansancio y decepci\u00f3n, inclusive con varios de los actuales funcionarios del Gobierno, se le sum\u00f3 la grave pandemia de coronavirus\u00bb, se\u00f1alaron los voceros.<\/p>\n\n\n\n<p>Uno de los principales factores que desencadenaron la renuncia del hist\u00f3rico l\u00edder de los taxistas fue el avance de las aplicaciones de transporte Uber y Cabify en la actividad y, seg\u00fan sus \u00edntimos, el dirigente \u00abestaba al tanto de que la sanci\u00f3n de una ley que las legalice es inevitable, a la corta o a la larga\u00bb, se\u00f1alaron.<\/p>\n\n\n\n<p>Otras fuentes gremiales aseveraron a T\u00e9lam que durante la gesti\u00f3n macrista -entre 2015 y 2019- el sindicato de taxistas sufri\u00f3 la p\u00e9rdida de 40 mil afiliados en todo el pa\u00eds, lo que \u00abse agravar\u00eda sobremanera si esa ley fuese sancionada\u00bb.<\/p>\n\n\n\n<p>\u00abAs\u00ed es muy dif\u00edcil conducir una organizaci\u00f3n sindical. El sindicato adquiri\u00f3 miles de kilos de comida para los taxistas que, a partir del inicio de la grave pandemia, se acercaron a la sede gremial a solicitar alimentos ante la ausencia de trabajo. Muchos funcionarios negaron su colaboraci\u00f3n o la cuotificaron\u00bb, agregaron los voceros gremiales, quienes dijeron que la decisi\u00f3n de Viviani es \u00abindeclinable\u00bb.<\/p>\n\n\n\n<p>Para esas mismas fuentes, el hist\u00f3rico dirigente \u00abest\u00e1 muy cansado y decepcionado, a tal punto que rechaz\u00f3 los reclamos de permanencia en el gremio como asesor, e incluso esa posibilidad en otros sindicatos\u00bb, afirmaron.<\/p>\n\n\n\n<p>Viviani ingres\u00f3 por \u00faltima vez a la sede del sindicato taxista el viernes pasado y, ayer por la tarde, present\u00f3 su renuncia \u00abindeclinable\u00bb al gremio porte\u00f1o y a la Federaci\u00f3n nacional, seg\u00fan comunic\u00f3 a la comisi\u00f3n directiva la abogada de la organizaci\u00f3n y una de las asesoras letradas de la CGT, M\u00f3nica Risotto.<\/p>\n\n\n\n<p>Viviani hab\u00eda ganado nuevamente las elecciones del gremio en diciembre \u00faltimo, reasumi\u00f3 en marzo de este a\u00f1o y ten\u00eda mandato hasta marzo de 2023.<\/p>\n\n\n\n<p>A excepci\u00f3n de que la conducci\u00f3n de taxistas decida convocar de forma anticipada a nuevos comicios, se har\u00e1 cargo del gremio el adjunto, Jorge Garc\u00eda.<\/p>\n\n\n\n<p>En su momento, Viviani fue una de los m\u00e1s firmes respaldos de Hugo Moyano en la CGT Azopardo -cuando la existencia de tres centrales obreras-; luego se distanci\u00f3 del dirigente y, hace algunos meses, recompuso la relaci\u00f3n, al punto de compartir varios almuerzos y fotograf\u00edas en la propia sede del gremio camionero.<\/p>\n\n\n\n<p>Viviani ten\u00eda \u00ablicencia informal\u00bb por integrar los llamados \u00abgrupos de riesgo\u00bb por su edad ante la irrupci\u00f3n del coronavirus y, seg\u00fan las fuentes, present\u00f3 la renuncia a sabiendas de su \u00abretiro definitivo, incluso de la vida de la CGT\u00bb.<\/p>\n\n\n\n<p>Risotto, quien comunic\u00f3 la decisi\u00f3n de Viviani a sus pares de conducci\u00f3n, hab\u00eda sido catapultada por el hist\u00f3rico dirigente taxista como titular de la estrat\u00e9gica Direcci\u00f3n Nacional de Asociaciones Sindicales de la cartera laboral.<\/p>\n","protected":false},"excerpt":{"rendered":"<p>El secretario general del Sindicato de Peones de Taxis (SPT) y de la Federaci\u00f3n del&#8230;<\/p>\n","protected":false},"author":1,"featured_media":59656,"comment_status":"open","ping_status":"open","sticky":false,"template":"","format":"standard","meta":{"footnotes":""},"categories":[5],"tags":[],"class_list":["post-6823","post","type-post","status-publish","format-standard","has-post-thumbnail","hentry","category-el-pais"],"_links":{"self":[{"href":"https:\/\/conurbanodiario.com.ar\/index.php?rest_route=\/wp\/v2\/posts\/6823","targetHints":{"allow":["GET"]}}],"collection":[{"href":"https:\/\/conurbanodiario.com.ar\/index.php?rest_route=\/wp\/v2\/posts"}],"about":[{"href":"https:\/\/conurbanodiario.com.ar\/index.php?rest_route=\/wp\/v2\/types\/post"}],"author":[{"embeddable":true,"href":"https:\/\/conurbanodiario.com.ar\/index.php?rest_route=\/wp\/v2\/users\/1"}],"replies":[{"embeddable":true,"href":"https:\/\/conurbanodiario.com.ar\/index.php?rest_route=%2Fwp%2Fv2%2Fcomments&post=6823"}],"version-history":[{"count":1,"href":"https:\/\/conurbanodiario.com.ar\/index.php?rest_route=\/wp\/v2\/posts\/6823\/revisions"}],"predecessor-version":[{"id":6825,"href":"https:\/\/conurbanodiario.com.ar\/index.php?rest_route=\/wp\/v2\/posts\/6823\/revisions\/6825"}],"wp:featuredmedia":[{"embeddable":true,"href":"https:\/\/conurbanodiario.com.ar\/index.php?rest_route=\/wp\/v2\/media\/59656"}],"wp:attachment":[{"href":"https:\/\/conurbanodiario.com.ar\/index.php?rest_route=%2Fwp%2Fv2%2Fmedia&parent=6823"}],"wp:term":[{"taxonomy":"category","embeddable":true,"href":"https:\/\/conurbanodiario.com.ar\/index.php?rest_route=%2Fwp%2Fv2%2Fcategories&post=6823"},{"taxonomy":"post_tag","embeddable":true,"href":"https:\/\/conurbanodiario.com.ar\/index.php?rest_route=%2Fwp%2Fv2%2Ftags&post=6823"}],"curies":[{"name":"wp","href":"https:\/\/api.w.org\/{rel}","templated":true}]}}