{"id":6820,"date":"2020-07-29T03:17:50","date_gmt":"2020-07-29T06:17:50","guid":{"rendered":"http:\/\/conurbanodiario.com.ar\/?p=6820"},"modified":"2020-07-29T03:17:51","modified_gmt":"2020-07-29T06:17:51","slug":"firman-dictamen-para-ceder-un-predio-a-la-universidad-nacional-de-la-plata","status":"publish","type":"post","link":"https:\/\/conurbanodiario.com.ar\/?p=6820","title":{"rendered":"FIRMAN DICTAMEN PARA CEDER UN PREDIO A LA UNIVERSIDAD NACIONAL DE LA PLATA"},"content":{"rendered":"\n<p>La Comisi\u00f3n de Asuntos Administrativos y Municipales del Senado firm\u00f3 un dictamen de un proyecto de Ley venido en revisi\u00f3n de Diputados para ceder un predio del Estado Nacional a la Universidad de La Plata para que funcione el Instituto Malvinas.<\/p>\n\n\n\n<p>La iniciativa fue presentada por el senador por el Frente de Todos de la provincia de Buenos Aires, Jorge Taiana, durante la reuni\u00f3n de comisi\u00f3n que se realiz\u00f3 por videoconferencia.<\/p>\n\n\n\n<p>El ex canciller record\u00f3 que \u201cel predio pertenec\u00eda a la D\u00e9cima brigada de La Plata\u201d, que ten\u00eda una dimensi\u00f3n de alrededor de media manzana y que en el futuro cercano se hab\u00eda proyectado que en \u00e9l funcione el Instituto Malvinas y fuera de uso compartido entre esa casa de altos estudios y un Centro de Ex Combatientes.<\/p>\n\n\n\n<p>En ese sentido, la presidenta de la comisi\u00f3n, la catamarque\u00f1a oficialista In\u00e9s Blas, record\u00f3 que el Ministerio de Defensa ya hab\u00eda desafectado el inmueble y que la Universidad ya hab\u00eda realizado una inversi\u00f3n para \u201cacondicionarlo\u201d.<\/p>\n\n\n\n<p>Adem\u00e1s, tambi\u00e9n se aprobaron otras dos cesiones de terrenos del Estado: uno a la capital de la provincia de La Rioja y otro de Ferrocarriles Argentinos a la provincia de Catamarca.<\/p>\n","protected":false},"excerpt":{"rendered":"<p>La Comisi\u00f3n de Asuntos Administrativos y Municipales del Senado firm\u00f3 un dictamen de un proyecto&#8230;<\/p>\n","protected":false},"author":1,"featured_media":59656,"comment_status":"open","ping_status":"open","sticky":false,"template":"","format":"standard","meta":{"footnotes":""},"categories":[27],"tags":[],"class_list":["post-6820","post","type-post","status-publish","format-standard","has-post-thumbnail","hentry","category-educacion"],"_links":{"self":[{"href":"https:\/\/conurbanodiario.com.ar\/index.php?rest_route=\/wp\/v2\/posts\/6820","targetHints":{"allow":["GET"]}}],"collection":[{"href":"https:\/\/conurbanodiario.com.ar\/index.php?rest_route=\/wp\/v2\/posts"}],"about":[{"href":"https:\/\/conurbanodiario.com.ar\/index.php?rest_route=\/wp\/v2\/types\/post"}],"author":[{"embeddable":true,"href":"https:\/\/conurbanodiario.com.ar\/index.php?rest_route=\/wp\/v2\/users\/1"}],"replies":[{"embeddable":true,"href":"https:\/\/conurbanodiario.com.ar\/index.php?rest_route=%2Fwp%2Fv2%2Fcomments&post=6820"}],"version-history":[{"count":1,"href":"https:\/\/conurbanodiario.com.ar\/index.php?rest_route=\/wp\/v2\/posts\/6820\/revisions"}],"predecessor-version":[{"id":6822,"href":"https:\/\/conurbanodiario.com.ar\/index.php?rest_route=\/wp\/v2\/posts\/6820\/revisions\/6822"}],"wp:featuredmedia":[{"embeddable":true,"href":"https:\/\/conurbanodiario.com.ar\/index.php?rest_route=\/wp\/v2\/media\/59656"}],"wp:attachment":[{"href":"https:\/\/conurbanodiario.com.ar\/index.php?rest_route=%2Fwp%2Fv2%2Fmedia&parent=6820"}],"wp:term":[{"taxonomy":"category","embeddable":true,"href":"https:\/\/conurbanodiario.com.ar\/index.php?rest_route=%2Fwp%2Fv2%2Fcategories&post=6820"},{"taxonomy":"post_tag","embeddable":true,"href":"https:\/\/conurbanodiario.com.ar\/index.php?rest_route=%2Fwp%2Fv2%2Ftags&post=6820"}],"curies":[{"name":"wp","href":"https:\/\/api.w.org\/{rel}","templated":true}]}}