{"id":6814,"date":"2020-07-29T03:08:09","date_gmt":"2020-07-29T06:08:09","guid":{"rendered":"http:\/\/conurbanodiario.com.ar\/?p=6814"},"modified":"2020-07-29T03:08:09","modified_gmt":"2020-07-29T06:08:09","slug":"el-gobierno-bonaerense-abrira-la-preinscripcion-al-programa-de-ayuda-para-pymes","status":"publish","type":"post","link":"https:\/\/conurbanodiario.com.ar\/?p=6814","title":{"rendered":"EL GOBIERNO BONAERENSE ABRIR\u00c1 LA PREINSCRIPCI\u00d3N AL PROGRAMA DE AYUDA PARA PYMES"},"content":{"rendered":"\n<p>La ministra de Trabajo bonaerense, Mara Ru\u00edz Malec, adelant\u00f3 que en los pr\u00f3ximos d\u00edas se abrir\u00e1 una preinscripci\u00f3n para las pymes que no pudieron acceder al programa ATP del Gobierno nacional y que deseen recibir la ayuda del programa provincial \u00abPreservar Trabajo\u00bb.<\/p>\n\n\n\n<p>\u00abEn los pr\u00f3ximos d\u00edas se abrir\u00e1 una preinscripci\u00f3n digital y tambi\u00e9n se podr\u00e1 recurrir a las Delegaciones Regionales\u00bb del Ministerio, dijo la titular de la cartera laboral al presentar, por videoconferencia, el programa provincial ante diputados del bloque de Frente de Todos.<\/p>\n\n\n\n<p>Ruiz Malec remarc\u00f3 que \u00abapostamos a que cada empresa que quiera anotarse tenga la ayuda del Estado, ya sea mediante el Ministerio, oficinas municipales, o legisladores y concejales. El asesoramiento y acompa\u00f1amiento territorial ser\u00e1 fundamental\u00bb.<\/p>\n\n\n\n<p>La ministra enfatiz\u00f3 que el programa que instrumentar\u00e1 el Ministerio de Trabajo estar\u00e1 destinado a micro y peque\u00f1as unidades productivas.<\/p>\n\n\n\n<p>\u00abLa idea es llegar a aquellos peque\u00f1os grupos de empresas que, por distintos motivos no pudieron sumarse al ATP. Apuntamos a aquellas que tienen un grado de formalidad, que tributan impositivamente tanto en ARBA como en AFIP, y que tienen a sus trabajadores inscriptos en la seguridad social\u00bb, expres\u00f3.<\/p>\n\n\n\n<p>El programa del gobierno bonaerense contempla el pago de un aporte que no podr\u00e1 superar el 50% del valor del Salario M\u00ednimo Vital y M\u00f3vil, por un per\u00edodo inicial de tres meses.<\/p>\n","protected":false},"excerpt":{"rendered":"<p>La ministra de Trabajo bonaerense, Mara Ru\u00edz Malec, adelant\u00f3 que en los pr\u00f3ximos d\u00edas se&#8230;<\/p>\n","protected":false},"author":1,"featured_media":59656,"comment_status":"open","ping_status":"open","sticky":false,"template":"","format":"standard","meta":{"footnotes":""},"categories":[28],"tags":[],"class_list":["post-6814","post","type-post","status-publish","format-standard","has-post-thumbnail","hentry","category-la-provincia"],"_links":{"self":[{"href":"https:\/\/conurbanodiario.com.ar\/index.php?rest_route=\/wp\/v2\/posts\/6814","targetHints":{"allow":["GET"]}}],"collection":[{"href":"https:\/\/conurbanodiario.com.ar\/index.php?rest_route=\/wp\/v2\/posts"}],"about":[{"href":"https:\/\/conurbanodiario.com.ar\/index.php?rest_route=\/wp\/v2\/types\/post"}],"author":[{"embeddable":true,"href":"https:\/\/conurbanodiario.com.ar\/index.php?rest_route=\/wp\/v2\/users\/1"}],"replies":[{"embeddable":true,"href":"https:\/\/conurbanodiario.com.ar\/index.php?rest_route=%2Fwp%2Fv2%2Fcomments&post=6814"}],"version-history":[{"count":1,"href":"https:\/\/conurbanodiario.com.ar\/index.php?rest_route=\/wp\/v2\/posts\/6814\/revisions"}],"predecessor-version":[{"id":6816,"href":"https:\/\/conurbanodiario.com.ar\/index.php?rest_route=\/wp\/v2\/posts\/6814\/revisions\/6816"}],"wp:featuredmedia":[{"embeddable":true,"href":"https:\/\/conurbanodiario.com.ar\/index.php?rest_route=\/wp\/v2\/media\/59656"}],"wp:attachment":[{"href":"https:\/\/conurbanodiario.com.ar\/index.php?rest_route=%2Fwp%2Fv2%2Fmedia&parent=6814"}],"wp:term":[{"taxonomy":"category","embeddable":true,"href":"https:\/\/conurbanodiario.com.ar\/index.php?rest_route=%2Fwp%2Fv2%2Fcategories&post=6814"},{"taxonomy":"post_tag","embeddable":true,"href":"https:\/\/conurbanodiario.com.ar\/index.php?rest_route=%2Fwp%2Fv2%2Ftags&post=6814"}],"curies":[{"name":"wp","href":"https:\/\/api.w.org\/{rel}","templated":true}]}}