{"id":6811,"date":"2020-07-29T03:06:14","date_gmt":"2020-07-29T06:06:14","guid":{"rendered":"http:\/\/conurbanodiario.com.ar\/?p=6811"},"modified":"2020-07-29T03:06:15","modified_gmt":"2020-07-29T06:06:15","slug":"lousteau-insto-a-la-ucr-bonaerense-a-representar-la-clase-media-que-el-estado-abandono","status":"publish","type":"post","link":"https:\/\/conurbanodiario.com.ar\/?p=6811","title":{"rendered":"LOUSTEAU INST\u00d3 A LA UCR BONAERENSE A REPRESENTAR \u00abLA CLASE MEDIA QUE EL ESTADO ABANDON\u00d3\u00bb"},"content":{"rendered":"\n<p><strong>El senador nacional Mart\u00edn Lousteau, jefe del espacio Evoluci\u00f3n Radical, inst\u00f3 este martes a dirigentes radicales bonaerenses de la Sexta Secci\u00f3n Electoral a \u00abrepresentar a esa clase media a la que el Estado abandon\u00f3\u00bb y convoc\u00f3 a \u00abretomar el esp\u00edritu rebelde que dio origen al radicalismo\u00bb.<\/strong><\/p>\n\n\n\n<p>\u00abQueremos un Estado sensible y riguroso en como se administra para cumplir con nuestro objetivo de tener una sociedad moderna y de iguales\u00bb, dijo Lousteau, radical de Juntos por el Cambio.<\/p>\n\n\n\n<p>Manifest\u00f3 que \u00abbuscamos el radicalismo que gestiona y que quiere gestionar\u00bb y convoc\u00f3 a \u00abvolver a dotarnos de reglas para poder ir a conquistar el afuera, tenemos que retomar ese esp\u00edritu rebelde que dio origen al radicalismo\u00bb. Alert\u00f3 que \u00abno queremos ser oposici\u00f3n y estar c\u00f3modos, queremos ganar para gestionar y transformar la realidad\u00bb.<\/p>\n\n\n\n<p>En una reuni\u00f3n por Zoom convocada por radicales de la Sexta Secci\u00f3n (Bah\u00eda Blanca, Tres Arroyos y Carmen de Patagones, entre otros), advirti\u00f3 que \u00abla elecci\u00f3n del a\u00f1o que viene en la provincia es clave y vamos a mostrar una alternativa diferente y mejor\u00bb.<\/p>\n\n\n\n<p><strong>\u00abDebemos Ir a renovar una elecci\u00f3n muy buena, que es la del 2017, y es vital porque sino no se van a poder mantener los equilibrios institucionales\u00bb, asever\u00f3 Lousteau.<\/strong><\/p>\n\n\n\n<p>Dijo que \u00abhay que reestructurar el radicalismo del pa\u00eds en las principales provincias y mostrarle a la sociedad que queremos un Estado eficiente y sensible\u00bb, por lo cual \u00abel rol de los que gestionan es fundamental\u00bb.<\/p>\n\n\n\n<p>\u00abNuestro deber no es solo mantener el 41% del a\u00f1o pasado, sino ampliarlo y buscar a ese votante que le importa buenas gestiones\u00bb, asegur\u00f3 Lousteau.<\/p>\n\n\n\n<p>Destac\u00f3 que \u00abtoda receta que repita los errores de haberse cerrado est\u00e1 condenado a no preservar ese 41% y nuestro deber es ir a buscar ese 10% m\u00e1s para poder ganar\u00bb.<\/p>\n\n\n\n<p>El objetivo \u00abtiene que ser ganar y transformar la realidad y no pensar en c\u00f3mo se utilizan los recursos para mantener las mismas cosas de siempre\u00bb, a\u00f1adi\u00f3.<\/p>\n\n\n\n<p>De la reuni\u00f3n participaron los intendentes de Pu\u00e1n, Facundo Castelli, y de Patagones, Jos\u00e9 Zara, y concejales y diputados provinciales, entre otros.<\/p>\n","protected":false},"excerpt":{"rendered":"<p>El senador nacional Mart\u00edn Lousteau, jefe del espacio Evoluci\u00f3n Radical, inst\u00f3 este martes a dirigentes&#8230;<\/p>\n","protected":false},"author":1,"featured_media":59656,"comment_status":"open","ping_status":"open","sticky":false,"template":"","format":"standard","meta":{"footnotes":""},"categories":[35],"tags":[],"class_list":["post-6811","post","type-post","status-publish","format-standard","has-post-thumbnail","hentry","category-politica"],"_links":{"self":[{"href":"https:\/\/conurbanodiario.com.ar\/index.php?rest_route=\/wp\/v2\/posts\/6811","targetHints":{"allow":["GET"]}}],"collection":[{"href":"https:\/\/conurbanodiario.com.ar\/index.php?rest_route=\/wp\/v2\/posts"}],"about":[{"href":"https:\/\/conurbanodiario.com.ar\/index.php?rest_route=\/wp\/v2\/types\/post"}],"author":[{"embeddable":true,"href":"https:\/\/conurbanodiario.com.ar\/index.php?rest_route=\/wp\/v2\/users\/1"}],"replies":[{"embeddable":true,"href":"https:\/\/conurbanodiario.com.ar\/index.php?rest_route=%2Fwp%2Fv2%2Fcomments&post=6811"}],"version-history":[{"count":1,"href":"https:\/\/conurbanodiario.com.ar\/index.php?rest_route=\/wp\/v2\/posts\/6811\/revisions"}],"predecessor-version":[{"id":6813,"href":"https:\/\/conurbanodiario.com.ar\/index.php?rest_route=\/wp\/v2\/posts\/6811\/revisions\/6813"}],"wp:featuredmedia":[{"embeddable":true,"href":"https:\/\/conurbanodiario.com.ar\/index.php?rest_route=\/wp\/v2\/media\/59656"}],"wp:attachment":[{"href":"https:\/\/conurbanodiario.com.ar\/index.php?rest_route=%2Fwp%2Fv2%2Fmedia&parent=6811"}],"wp:term":[{"taxonomy":"category","embeddable":true,"href":"https:\/\/conurbanodiario.com.ar\/index.php?rest_route=%2Fwp%2Fv2%2Fcategories&post=6811"},{"taxonomy":"post_tag","embeddable":true,"href":"https:\/\/conurbanodiario.com.ar\/index.php?rest_route=%2Fwp%2Fv2%2Ftags&post=6811"}],"curies":[{"name":"wp","href":"https:\/\/api.w.org\/{rel}","templated":true}]}}