{"id":6808,"date":"2020-07-29T03:00:11","date_gmt":"2020-07-29T06:00:11","guid":{"rendered":"http:\/\/conurbanodiario.com.ar\/?p=6808"},"modified":"2020-07-29T03:00:11","modified_gmt":"2020-07-29T06:00:11","slug":"gines-aseguro-que-el-gobierno-esta-negociando-la-prioridad-en-la-asignacion-de-vacunas","status":"publish","type":"post","link":"https:\/\/conurbanodiario.com.ar\/?p=6808","title":{"rendered":"GIN\u00c9S ASEGUR\u00d3 QUE EL GOBIERNO EST\u00c1 NEGOCIANDO LA PRIORIDAD EN LA ASIGNACI\u00d3N DE VACUNAS"},"content":{"rendered":"\n<p>El ministro de Salud, Gin\u00e9s Gonz\u00e1lez Garc\u00eda, afirm\u00f3 que \u00abArgentina se encuentra negociando con distintas firmas internacionales la prioridad en la asignaci\u00f3n de vacunas\u201d contra el coronavirus.<\/p>\n\n\n\n<p><strong>\u201cEstamos negociando la prioridad en la asignaci\u00f3n de vacunas a la Argentina y en segundo lugar negociamos la transferencia de tecnolog\u00eda\u00bb, dijo el ministro durante una visita a la provincia de Catamarca.<\/strong><\/p>\n\n\n\n<p>En ese sentido, sostuvo que cree que \u00absi la vacuna se fabrica ac\u00e1 con la tecnolog\u00eda del que haya encontrado una soluci\u00f3n eficaz -porque hasta ahora est\u00e1n todas en prueba-, lo que queremos es tener alguna prioridad y es probable que para cuando llegue el momento tengamos vacunas de varias procedencias\u201d.<\/p>\n\n\n\n<p><strong>\u00abQueremos asegurarles a los argentinos la posibilidad de prioridad en vacunas. Soy muy optimista en cuanto al resultado de estas negociaciones que encabeza el Presidente. Creo que la vacuna va a ser una soluci\u00f3n definitiva\u201d<\/strong>, insisti\u00f3.<\/p>\n\n\n\n<p>Gonz\u00e1lez Garc\u00eda arrib\u00f3 a Catamarca ayer por la ma\u00f1ana desde Tucum\u00e1n en un avi\u00f3n H\u00e9rcules del Ej\u00e9rcito Argentino cargado con insumos para el sistema de salud provincial, junto a la secretaria de Provincias del Ministerio del Interior, Silvina Batakis, el jefe de Gabinete del Ministerio de Salud, Lisandro Bonelli, y el secretario de Calidad en Salud, Arnaldo Medina.<\/p>\n\n\n\n<p>El titular de la cartera sanitaria se refiri\u00f3 a los\u00a0<strong>estudios cl\u00ednicos para evaluar si los anticuerpos del suero equino pueden frenar la propagaci\u00f3n del coronavirus en el organismo<\/strong>, que comenzaron el lunes en el sanatorio G\u00fcemes de la ciudad de Buenos Aires con el enrolamiento de pacientes adultos con infecci\u00f3n confirmada del virus SARS-CoV-2.<\/p>\n\n\n\n<p>\u00ab<strong>Estamos en fase de experimentaci\u00f3n y la tercera fase de probarlo en humanos ya empez\u00f3. Si esto funciona bien probablemente est\u00e9 listo antes que la vacuna y ser\u00eda un tratamiento. Esto no es una inmunidad, pero elimina fuertemente las consecuencia sobre todo las fatales<\/strong>\u201d, asegur\u00f3.<\/p>\n\n\n\n<p>El ministro sostuvo que \u201cse est\u00e1 probando una tecnolog\u00eda argentina de laboratorios locales en donde interviene nuestro laboratorio insignia que es el Malbr\u00e1n. Es la idea de colocar un ant\u00edgeno, o sea algo que genera anticuerpos en los caballos. Los caballos tienen una formidable capacidad de generar ant\u00edgenos\u201d, dijo.<\/p>\n\n\n\n<p>Por otra parte, Gonz\u00e1lez Garc\u00eda felicit\u00f3 a los ciudadanos catamarque\u00f1os y al Gobierno provincial por la manera en que enfrentaron la pandemia.<\/p>\n\n\n\n<p>\u201cQuiero resaltar la actitud de los catamarque\u00f1os; es bueno como ha tratado Catamarca cada vez que tuvo alg\u00fan caso, con total capacidad epidemiol\u00f3gica sanitaria, con responsabilidad pol\u00edtica y con responsabilidad ciudadana\u00bb, destac\u00f3.<\/p>\n\n\n\n<p>Acerca del posible retorno a clases en las provincias, asegur\u00f3 que \u201cesa es un decisi\u00f3n que se va a tomar en conjunto, pero que claramente siempre se escucha al gobernador y a la opini\u00f3n local\u201d.<\/p>\n\n\n\n<p>\u201cTodos queremos la vuelta a clases pero tambi\u00e9n es cierto que tenemos que cuidar lo que hemos conseguido, yo no puedo darle una fecha pero s\u00ed&nbsp;<strong>le puedo dar la intenci\u00f3n tanto de los gobiernos locales como del Gobierno nacional de volver a clases cuanto antes<\/strong>\u201d, afirm\u00f3<\/p>\n\n\n\n<p>Durante un acto en el Centro de Innovaci\u00f3n y Desarrollo de Catamarca, Gonz\u00e1lez Garc\u00eda y el gobernador Ra\u00fal Jalil rubricaron convenios para la construcci\u00f3n de un Centro de Almacenamiento Masivo de Vacunas, la ampliaci\u00f3n del Programa Sumar y otro con la Obra Social de los Empleados P\u00fablicos que apunta a consensuar una planificaci\u00f3n estrat\u00e9gica, con una agenda com\u00fan y operativa.<\/p>\n","protected":false},"excerpt":{"rendered":"<p>El ministro de Salud, Gin\u00e9s Gonz\u00e1lez Garc\u00eda, afirm\u00f3 que \u00abArgentina se encuentra negociando con distintas&#8230;<\/p>\n","protected":false},"author":1,"featured_media":59656,"comment_status":"open","ping_status":"open","sticky":false,"template":"","format":"standard","meta":{"footnotes":""},"categories":[5],"tags":[],"class_list":["post-6808","post","type-post","status-publish","format-standard","has-post-thumbnail","hentry","category-el-pais"],"_links":{"self":[{"href":"https:\/\/conurbanodiario.com.ar\/index.php?rest_route=\/wp\/v2\/posts\/6808","targetHints":{"allow":["GET"]}}],"collection":[{"href":"https:\/\/conurbanodiario.com.ar\/index.php?rest_route=\/wp\/v2\/posts"}],"about":[{"href":"https:\/\/conurbanodiario.com.ar\/index.php?rest_route=\/wp\/v2\/types\/post"}],"author":[{"embeddable":true,"href":"https:\/\/conurbanodiario.com.ar\/index.php?rest_route=\/wp\/v2\/users\/1"}],"replies":[{"embeddable":true,"href":"https:\/\/conurbanodiario.com.ar\/index.php?rest_route=%2Fwp%2Fv2%2Fcomments&post=6808"}],"version-history":[{"count":1,"href":"https:\/\/conurbanodiario.com.ar\/index.php?rest_route=\/wp\/v2\/posts\/6808\/revisions"}],"predecessor-version":[{"id":6810,"href":"https:\/\/conurbanodiario.com.ar\/index.php?rest_route=\/wp\/v2\/posts\/6808\/revisions\/6810"}],"wp:featuredmedia":[{"embeddable":true,"href":"https:\/\/conurbanodiario.com.ar\/index.php?rest_route=\/wp\/v2\/media\/59656"}],"wp:attachment":[{"href":"https:\/\/conurbanodiario.com.ar\/index.php?rest_route=%2Fwp%2Fv2%2Fmedia&parent=6808"}],"wp:term":[{"taxonomy":"category","embeddable":true,"href":"https:\/\/conurbanodiario.com.ar\/index.php?rest_route=%2Fwp%2Fv2%2Fcategories&post=6808"},{"taxonomy":"post_tag","embeddable":true,"href":"https:\/\/conurbanodiario.com.ar\/index.php?rest_route=%2Fwp%2Fv2%2Ftags&post=6808"}],"curies":[{"name":"wp","href":"https:\/\/api.w.org\/{rel}","templated":true}]}}