{"id":6805,"date":"2020-07-29T02:57:07","date_gmt":"2020-07-29T05:57:07","guid":{"rendered":"http:\/\/conurbanodiario.com.ar\/?p=6805"},"modified":"2020-08-03T01:23:45","modified_gmt":"2020-08-03T04:23:45","slug":"kicillof-y-rodriguez-larreta-se-reuniran-para-evaluar-continuidad-de-cuarentena-en-amba","status":"publish","type":"post","link":"https:\/\/conurbanodiario.com.ar\/?p=6805","title":{"rendered":"KICILLOF Y RODR\u00cdGUEZ LARRETA SE REUNIR\u00c1N PARA EVALUAR CONTINUIDAD DE CUARENTENA EN AMBA"},"content":{"rendered":"\n<p>El gobernador bonaerense, Axel Kicillof, y el jefe de Gobierno porte\u00f1o, Horacio Rodr\u00edguez Larreta, se reunir\u00e1n este mi\u00e9rcoles para evaluar la continuidad del aislamiento social que rige por la pandemia y que es m\u00e1s estricto en el \u00e1rea metropolitana (AMBA).<\/p>\n\n\n\n<p>Una fuente del Gobierno provincial inform\u00f3 que el encuentro se realizar\u00e1 a partir de las 10 en la sede de gubernamental bonaerense, en La Plata.<\/p>\n\n\n\n<p>Durante el encuentro ambos mandatarios analizar\u00e1n la nueva etapa de la cuarentena que culmina el domingo y las medidas a adoptar en los municipios que conforman el AMBA.<\/p>\n\n\n\n<p>El ministro de Salud de la provincia de Buenos aires, Daniel Gollan, dijo hoy que se est\u00e1n evaluando los \u00faltimos n\u00fameros y la velocidad en el ascenso de los casos de coronavirus en territorio bonaerense y el AMBA, y adelant\u00f3 que si se disparan mucho los casos en agosto \u00abel sistema va a saturar\u00bb.<\/p>\n\n\n\n<p>\u00abEstamos tratando de relacionar la velocidad de ascenso de casos y el impacto que esto va teniendo sobre el sistema sanitario, siempre es la misma ecuaci\u00f3n; si se disparan muchos los casos el sistema va a saturar, si la curva crece exponencialmente a un (ritmo de) 30% por semana como observamos, probablemente en alg\u00fan momento de agosto, si esta es la situaci\u00f3n, tenemos riesgo de saturaci\u00f3n del sistema\u00bb, dijo el ministro a El Destape Radio.<\/p>\n","protected":false},"excerpt":{"rendered":"<p>El gobernador bonaerense, Axel Kicillof, y el jefe de Gobierno porte\u00f1o, Horacio Rodr\u00edguez Larreta, se&#8230;<\/p>\n","protected":false},"author":1,"featured_media":59656,"comment_status":"open","ping_status":"open","sticky":false,"template":"","format":"standard","meta":{"footnotes":""},"categories":[5,28],"tags":[],"class_list":["post-6805","post","type-post","status-publish","format-standard","has-post-thumbnail","hentry","category-el-pais","category-la-provincia"],"_links":{"self":[{"href":"https:\/\/conurbanodiario.com.ar\/index.php?rest_route=\/wp\/v2\/posts\/6805","targetHints":{"allow":["GET"]}}],"collection":[{"href":"https:\/\/conurbanodiario.com.ar\/index.php?rest_route=\/wp\/v2\/posts"}],"about":[{"href":"https:\/\/conurbanodiario.com.ar\/index.php?rest_route=\/wp\/v2\/types\/post"}],"author":[{"embeddable":true,"href":"https:\/\/conurbanodiario.com.ar\/index.php?rest_route=\/wp\/v2\/users\/1"}],"replies":[{"embeddable":true,"href":"https:\/\/conurbanodiario.com.ar\/index.php?rest_route=%2Fwp%2Fv2%2Fcomments&post=6805"}],"version-history":[{"count":1,"href":"https:\/\/conurbanodiario.com.ar\/index.php?rest_route=\/wp\/v2\/posts\/6805\/revisions"}],"predecessor-version":[{"id":6807,"href":"https:\/\/conurbanodiario.com.ar\/index.php?rest_route=\/wp\/v2\/posts\/6805\/revisions\/6807"}],"wp:featuredmedia":[{"embeddable":true,"href":"https:\/\/conurbanodiario.com.ar\/index.php?rest_route=\/wp\/v2\/media\/59656"}],"wp:attachment":[{"href":"https:\/\/conurbanodiario.com.ar\/index.php?rest_route=%2Fwp%2Fv2%2Fmedia&parent=6805"}],"wp:term":[{"taxonomy":"category","embeddable":true,"href":"https:\/\/conurbanodiario.com.ar\/index.php?rest_route=%2Fwp%2Fv2%2Fcategories&post=6805"},{"taxonomy":"post_tag","embeddable":true,"href":"https:\/\/conurbanodiario.com.ar\/index.php?rest_route=%2Fwp%2Fv2%2Ftags&post=6805"}],"curies":[{"name":"wp","href":"https:\/\/api.w.org\/{rel}","templated":true}]}}