{"id":6798,"date":"2020-07-28T14:59:19","date_gmt":"2020-07-28T17:59:19","guid":{"rendered":"http:\/\/conurbanodiario.com.ar\/?p=6798"},"modified":"2020-07-28T14:59:20","modified_gmt":"2020-07-28T17:59:20","slug":"desde-ate-denuncian-que-el-hospital-durand-esta-desbordado-y-analizan-medidas-de-fuerza","status":"publish","type":"post","link":"https:\/\/conurbanodiario.com.ar\/?p=6798","title":{"rendered":"DESDE ATE DENUNCIAN QUE EL HOSPITAL DURAND \u00abEST\u00c1 DESBORDADO\u00bb Y ANALIZAN MEDIDAS DE FUERZA"},"content":{"rendered":"\n<p>El secretario general de ATE del Hospital Durand, H\u00e9ctor Ortiz, afirm\u00f3 hoy que la capacidad de atenci\u00f3n de casos de coronavirus en ese nosocomio porte\u00f1o \u00abest\u00e1 desbordada\u00bb y \u00abfalta personal\u00bb, por lo que analizan realizar una medida de fuerza con el objetivo de \u00abvisibilizar la grave situaci\u00f3n\u00bb.<\/p>\n\n\n\n<p>\u00abEstamos cansados de reclamar: el Gobierno no reconoce al personal de salud, no invierte en salud. No queremos morir, queremos trabajar dignamente y queremos llegar a casa\u00bb, remarc\u00f3 Ortiz en declaraciones a T\u00e9lam, en las que asegur\u00f3 que \u00abel personal de los hospitales de la Ciudad est\u00e1 indignado por el trabajo extremo\u00bb y por \u00abla falta de recursos\u00bb.<\/p>\n\n\n\n<p>\u00abEn el gobierno de la Ciudad no le creemos mucho porque ellos dicen que hay camas libres, que hay un 65% de ocupaci\u00f3n y es mentira, est\u00e1n llenas\u00bb, asever\u00f3 Ortiz, quien dio cuenta, adem\u00e1s, de la falta de personal porque \u00abmuchos compa\u00f1eros est\u00e1n contagiados y est\u00e1n fuera de servicio\u00bb.<\/p>\n\n\n\n<p>Por eso, apunt\u00f3 contra la gesti\u00f3n porte\u00f1a al se\u00f1alar que \u00abdeja morir a nuestros pacientes\u00bb y se\u00f1al\u00f3 que, de continuar esta situaci\u00f3n, desde ATE impulsar\u00e1n una medida de fuerza.<\/p>\n\n\n\n<p>Adem\u00e1s, el dirigente gremial sostuvo que \u00ablos salarios muy bajos\u00bb que asegur\u00f3 perciben \u00abhacen que los trabajadores no sigan en sus puestos de trabajo, lo que provoca un servicio desbordado\u00bb.<\/p>\n","protected":false},"excerpt":{"rendered":"<p>El secretario general de ATE del Hospital Durand, H\u00e9ctor Ortiz, afirm\u00f3 hoy que la capacidad&#8230;<\/p>\n","protected":false},"author":1,"featured_media":59656,"comment_status":"open","ping_status":"open","sticky":false,"template":"","format":"standard","meta":{"footnotes":""},"categories":[5],"tags":[],"class_list":["post-6798","post","type-post","status-publish","format-standard","has-post-thumbnail","hentry","category-el-pais"],"_links":{"self":[{"href":"https:\/\/conurbanodiario.com.ar\/index.php?rest_route=\/wp\/v2\/posts\/6798","targetHints":{"allow":["GET"]}}],"collection":[{"href":"https:\/\/conurbanodiario.com.ar\/index.php?rest_route=\/wp\/v2\/posts"}],"about":[{"href":"https:\/\/conurbanodiario.com.ar\/index.php?rest_route=\/wp\/v2\/types\/post"}],"author":[{"embeddable":true,"href":"https:\/\/conurbanodiario.com.ar\/index.php?rest_route=\/wp\/v2\/users\/1"}],"replies":[{"embeddable":true,"href":"https:\/\/conurbanodiario.com.ar\/index.php?rest_route=%2Fwp%2Fv2%2Fcomments&post=6798"}],"version-history":[{"count":1,"href":"https:\/\/conurbanodiario.com.ar\/index.php?rest_route=\/wp\/v2\/posts\/6798\/revisions"}],"predecessor-version":[{"id":6800,"href":"https:\/\/conurbanodiario.com.ar\/index.php?rest_route=\/wp\/v2\/posts\/6798\/revisions\/6800"}],"wp:featuredmedia":[{"embeddable":true,"href":"https:\/\/conurbanodiario.com.ar\/index.php?rest_route=\/wp\/v2\/media\/59656"}],"wp:attachment":[{"href":"https:\/\/conurbanodiario.com.ar\/index.php?rest_route=%2Fwp%2Fv2%2Fmedia&parent=6798"}],"wp:term":[{"taxonomy":"category","embeddable":true,"href":"https:\/\/conurbanodiario.com.ar\/index.php?rest_route=%2Fwp%2Fv2%2Fcategories&post=6798"},{"taxonomy":"post_tag","embeddable":true,"href":"https:\/\/conurbanodiario.com.ar\/index.php?rest_route=%2Fwp%2Fv2%2Ftags&post=6798"}],"curies":[{"name":"wp","href":"https:\/\/api.w.org\/{rel}","templated":true}]}}