{"id":6795,"date":"2020-07-28T11:55:51","date_gmt":"2020-07-28T14:55:51","guid":{"rendered":"http:\/\/conurbanodiario.com.ar\/?p=6795"},"modified":"2020-07-28T11:55:52","modified_gmt":"2020-07-28T14:55:52","slug":"el-equipo-economico-analizo-la-relacion-con-el-fmi-y-el-presupuesto-2021","status":"publish","type":"post","link":"https:\/\/conurbanodiario.com.ar\/?p=6795","title":{"rendered":"EL EQUIPO ECON\u00d3MICO ANALIZ\u00d3 LA RELACI\u00d3N CON EL FMI Y EL PRESUPUESTO 2021"},"content":{"rendered":"\n<p><strong>El gabinete econ\u00f3mico se reuni\u00f3 ayer lunes para analizar la relaci\u00f3n que mantiene el Gobierno con el Fondo Monetario Internacional (FMI) y las medidas que se tomar\u00e1n en el marco del Presupuesto 2021 que ser\u00e1 enviado al Congreso.<\/strong><\/p>\n\n\n\n<p>Argentina busca renegociar un acuerdo vencido con el FMI, organismo que le prest\u00f3 al pa\u00eds US$ 44.000 millones entre junio de 2018 y julio del a\u00f1o pasado, di\u00e1logo que se propuso entablar cuando se considere encaminado el proceso de canje de deuda con los bonistas privados.<\/p>\n\n\n\n<p>Para el a\u00f1o que viene, est\u00e1 previsto que Argentina pague alrededor de US$ 22.000 millones en concepto de capital de ese pr\u00e9stamo, compromisos que el pa\u00eds necesariamente deber\u00e1 reformular.<\/p>\n\n\n\n<p>Hasta el momento, las autoridades argentinas no solicitaron al FMI iniciar los pasos formales para solicitar un nuevo programa o la renegociaci\u00f3n del esquema vigente que se mantiene en suspenso.<\/p>\n\n\n\n<p>Adem\u00e1s, los funcionarios analizaron las perspectivas del proyecto de ley de Presupuesto que el poder Ejecutivo deber\u00e1 elevar al Congreso antes del 15 de septiembre.<\/p>\n\n\n\n<p>A la par del encuentro del equipo econ\u00f3mico, el jefe de Gabinete, Santiago Cafiero, se reuni\u00f3 con los ministros de Relaciones Exteriores, Felipe Sol\u00e1, y del Interior, Eduardo \u00abWado\u00bb de Pedro, para avanzar en la confecci\u00f3n del proyecto de Presupuesto para el a\u00f1o pr\u00f3ximo.<\/p>\n\n\n\n<p>De esa forma, el jefe de ministros va completando las consultas a los ministros del Gabinete nacional en la tarea de dise\u00f1ar el Presupuesto 2021.<\/p>\n\n\n\n<p>Cafiero se reuni\u00f3 ya con los ministros de Seguridad, Sabina Frederic; de Justicia, Marcela Losardo; de Cultura, Trist\u00e1n Bauer; de Agricultura, Luis Basterra; de Desarrollo Territorial y H\u00e1bitat, Mar\u00eda Eugenia Bielsa; de Defensa, Agust\u00edn Rossi; de Obras P\u00fablicas, Gabriel Katopodis, y de Salud, Gin\u00e9s Gonz\u00e1lez Garc\u00eda.<\/p>\n\n\n\n<p>Tambi\u00e9n mantuvo encuentros con los ministros de Transporte, Mario Meoni; de Trabajo, Claudio Moroni; de Desarrollo Social, Daniel Arroyo; de Educaci\u00f3n, Nicol\u00e1s Trotta; y de Desarrollo Productivo, Mat\u00edas Kulfas, y con la titular de la Anses, Fernanda Raverta.<\/p>\n","protected":false},"excerpt":{"rendered":"<p>El gabinete econ\u00f3mico se reuni\u00f3 ayer lunes para analizar la relaci\u00f3n que mantiene el Gobierno&#8230;<\/p>\n","protected":false},"author":1,"featured_media":59656,"comment_status":"open","ping_status":"open","sticky":false,"template":"","format":"standard","meta":{"footnotes":""},"categories":[5],"tags":[],"class_list":["post-6795","post","type-post","status-publish","format-standard","has-post-thumbnail","hentry","category-el-pais"],"_links":{"self":[{"href":"https:\/\/conurbanodiario.com.ar\/index.php?rest_route=\/wp\/v2\/posts\/6795","targetHints":{"allow":["GET"]}}],"collection":[{"href":"https:\/\/conurbanodiario.com.ar\/index.php?rest_route=\/wp\/v2\/posts"}],"about":[{"href":"https:\/\/conurbanodiario.com.ar\/index.php?rest_route=\/wp\/v2\/types\/post"}],"author":[{"embeddable":true,"href":"https:\/\/conurbanodiario.com.ar\/index.php?rest_route=\/wp\/v2\/users\/1"}],"replies":[{"embeddable":true,"href":"https:\/\/conurbanodiario.com.ar\/index.php?rest_route=%2Fwp%2Fv2%2Fcomments&post=6795"}],"version-history":[{"count":1,"href":"https:\/\/conurbanodiario.com.ar\/index.php?rest_route=\/wp\/v2\/posts\/6795\/revisions"}],"predecessor-version":[{"id":6797,"href":"https:\/\/conurbanodiario.com.ar\/index.php?rest_route=\/wp\/v2\/posts\/6795\/revisions\/6797"}],"wp:featuredmedia":[{"embeddable":true,"href":"https:\/\/conurbanodiario.com.ar\/index.php?rest_route=\/wp\/v2\/media\/59656"}],"wp:attachment":[{"href":"https:\/\/conurbanodiario.com.ar\/index.php?rest_route=%2Fwp%2Fv2%2Fmedia&parent=6795"}],"wp:term":[{"taxonomy":"category","embeddable":true,"href":"https:\/\/conurbanodiario.com.ar\/index.php?rest_route=%2Fwp%2Fv2%2Fcategories&post=6795"},{"taxonomy":"post_tag","embeddable":true,"href":"https:\/\/conurbanodiario.com.ar\/index.php?rest_route=%2Fwp%2Fv2%2Ftags&post=6795"}],"curies":[{"name":"wp","href":"https:\/\/api.w.org\/{rel}","templated":true}]}}