{"id":6792,"date":"2020-07-29T03:00:00","date_gmt":"2020-07-29T06:00:00","guid":{"rendered":"http:\/\/conurbanodiario.com.ar\/?p=6792"},"modified":"2020-08-12T21:53:07","modified_gmt":"2020-08-13T00:53:07","slug":"undav-afirman-que-con-precios-cuidados-se-consiguen-productos-hasta-43-mas-baratos","status":"publish","type":"post","link":"https:\/\/conurbanodiario.com.ar\/?p=6792","title":{"rendered":"UNDAV: AFIRMAN QUE CON PRECIOS CUIDADOS SE CONSIGUEN PRODUCTOS HASTA 43% M\u00c1S BARATOS"},"content":{"rendered":"\n<p>El programa Precios Cuidados permite a los consumidores adquirir productos con valores hasta 43% por debajo del promedio de mercado, seg\u00fan un informe elaborado por el Observatorio de Pol\u00edticas P\u00fablicas de la Universidad de Avellaneda y difundido este lunes.<br>Esta diferencia determin\u00f3 que la variaci\u00f3n de precios generales para la primera mitad del a\u00f1o sea la menor de los \u00faltimos 5 a\u00f1os.<\/p>\n\n\n\n<p>El trabajo destac\u00f3 que el Gobierno -al asumir el 10 de diciembre pasado- \u00abrevaloriz\u00f3 el programa de precios cuidados para lograr efectivamente precios de referencia y complement\u00f3 con un mercado cambiario controlado, evitando fuertes saltos que pasen a precios y evacuando cualquier cobertura por expectativas de devaluaci\u00f3n\u00bb.<\/p>\n\n\n\n<p>De acuerdo con el an\u00e1lisis,&nbsp;<strong>\u00ablos primeros resultados fueron muy positivos\u00bb<\/strong>&nbsp;ya que el primer semestre acumula una inflaci\u00f3n de 13,6%, mientras que en la primera mitad del a\u00f1o pasado los precios minoristas marcaron un alza de 22,4%, y desde diciembre la inflaci\u00f3n acumulada 12 meses se comprimi\u00f3 11 puntos.<\/p>\n\n\n\n<p>Al mismo tiempo, tomando el IPC de Ciudad de Buenos Aires, se observa que&nbsp;<strong>\u00abla variaci\u00f3n de precios para la primera mitad del a\u00f1o fue la menor de los \u00faltimos 5 a\u00f1os\u00bb<\/strong>, aunque el contexto de la pandemia \u00abafect\u00f3 los comportamientos econ\u00f3micos, tanto por el lado de la oferta como de la demanda.<\/p>\n\n\n\n<p>Sin embargo, la inflaci\u00f3n no solo retrocedi\u00f3 en rubros donde puede verse afectado por esto, sino tambi\u00e9n en alimentos y bebidas o productos de limpieza y de hecho \u00aben el semestre presenta una menor variaci\u00f3n que el a\u00f1o pasado en 10 de los 12 cap\u00edtulos que mide el INDEC\u00bb, se destac\u00f3.<br>Para el Observatorio de la Universidad de Avellaneda&nbsp;<strong>\u00abtuvo un rol fundamental el programa de precios y los precios m\u00e1ximos establecidos por la pandemia\u00bb.<\/strong><\/p>\n\n\n\n<p>\u00abEstos permitieron fijar precios de referencia en productos de primera necesidad,&nbsp;<strong>evitando p\u00e9rdidas de poder adquisitivo en estos productos<\/strong>, que mantuvieron su precio durante 6 meses y tras el acuerdo, promediaron un incremento de 6% hasta su pr\u00f3xima revisi\u00f3n en octubre\u00bb, se explic\u00f3.<\/p>\n\n\n\n<p><strong>Este incremento promedio de 6% en 8 meses<\/strong>&nbsp;se encuentra \u00abpor debajo de la variaci\u00f3n de salarios en el trimestre eneroabril (7,2%) y es a\u00fan menor que el incremento en jubilaci\u00f3n m\u00ednima y AUH (19,9%) entre agosto y enero\u00bb.<br>Entre otras cosas, la combinaci\u00f3n del programa y estos aumentos permitieron que observemos variaciones interanuales positivas en las compras a supermercados en los \u00faltimos 4 meses.<\/p>\n\n\n\n<p>Adem\u00e1s, se plante\u00f3 que la par de que la inflaci\u00f3n general viene cayendo, las ventas, incluso con el impacto de la pandemia, vienen respondiendo favorablemente, gracias al impulso, en parte, de los programas Precios Cuidados y Precios M\u00e1ximos, que llegan a todo el territorio nacional.<\/p>\n","protected":false},"excerpt":{"rendered":"<p>El programa Precios Cuidados permite a los consumidores adquirir productos con valores hasta 43% por&#8230;<\/p>\n","protected":false},"author":1,"featured_media":59656,"comment_status":"open","ping_status":"open","sticky":false,"template":"","format":"standard","meta":{"footnotes":""},"categories":[3],"tags":[],"class_list":["post-6792","post","type-post","status-publish","format-standard","has-post-thumbnail","hentry","category-informacion-general"],"_links":{"self":[{"href":"https:\/\/conurbanodiario.com.ar\/index.php?rest_route=\/wp\/v2\/posts\/6792","targetHints":{"allow":["GET"]}}],"collection":[{"href":"https:\/\/conurbanodiario.com.ar\/index.php?rest_route=\/wp\/v2\/posts"}],"about":[{"href":"https:\/\/conurbanodiario.com.ar\/index.php?rest_route=\/wp\/v2\/types\/post"}],"author":[{"embeddable":true,"href":"https:\/\/conurbanodiario.com.ar\/index.php?rest_route=\/wp\/v2\/users\/1"}],"replies":[{"embeddable":true,"href":"https:\/\/conurbanodiario.com.ar\/index.php?rest_route=%2Fwp%2Fv2%2Fcomments&post=6792"}],"version-history":[{"count":1,"href":"https:\/\/conurbanodiario.com.ar\/index.php?rest_route=\/wp\/v2\/posts\/6792\/revisions"}],"predecessor-version":[{"id":6794,"href":"https:\/\/conurbanodiario.com.ar\/index.php?rest_route=\/wp\/v2\/posts\/6792\/revisions\/6794"}],"wp:featuredmedia":[{"embeddable":true,"href":"https:\/\/conurbanodiario.com.ar\/index.php?rest_route=\/wp\/v2\/media\/59656"}],"wp:attachment":[{"href":"https:\/\/conurbanodiario.com.ar\/index.php?rest_route=%2Fwp%2Fv2%2Fmedia&parent=6792"}],"wp:term":[{"taxonomy":"category","embeddable":true,"href":"https:\/\/conurbanodiario.com.ar\/index.php?rest_route=%2Fwp%2Fv2%2Fcategories&post=6792"},{"taxonomy":"post_tag","embeddable":true,"href":"https:\/\/conurbanodiario.com.ar\/index.php?rest_route=%2Fwp%2Fv2%2Ftags&post=6792"}],"curies":[{"name":"wp","href":"https:\/\/api.w.org\/{rel}","templated":true}]}}