{"id":6790,"date":"2020-07-28T09:30:55","date_gmt":"2020-07-28T12:30:55","guid":{"rendered":"http:\/\/conurbanodiario.com.ar\/?p=6790"},"modified":"2020-07-29T12:37:57","modified_gmt":"2020-07-29T15:37:57","slug":"el-defensor-del-pueblo-bonaerense-pidio-al-enre-que-revise-la-concesion-de-edesur","status":"publish","type":"post","link":"https:\/\/conurbanodiario.com.ar\/?p=6790","title":{"rendered":"EL DEFENSOR DEL PUEBLO BONAERENSE PIDI\u00d3 AL ENRE QUE REVISE LA CONCESI\u00d3N DE EDESUR"},"content":{"rendered":"\n<p>El Defensor del Pueblo de la Provincia de Buenos Aires, Guido Lorenzino, dijo que realiz\u00f3 una presentaci\u00f3n ante el Ente Nacional Regulador de la Electricidad (ENRE) para que revise la concesi\u00f3n de la empresa el\u00e9ctrica Edesur.<\/p>\n\n\n\n<p>\u00abLe pedimos al ENRE que revise la concesi\u00f3n de Edesur y que los pr\u00f3ximos 67 a\u00f1os tengamos un servicio razonable\u00bb, expres\u00f3 Lorenzino quien detall\u00f3 que la compa\u00f1\u00eda aplic\u00f3 incrementos \u00abque los clientes no pudieron pagar\u00bb.<\/p>\n\n\n\n<p>Adem\u00e1s, sostuvo que \u00abtampoco cumplieron con los planes de obra. En 2017 dec\u00edan que no hac\u00edan las obras porque no pod\u00edan aumentar, pero tampoco hab\u00edan hecho con los aumentos del 3000%\u00bb.<\/p>\n\n\n\n<p>En declaraciones a El Destape Radio, Lorenzino advirti\u00f3 que \u00aba Edesur le quedan 67 a\u00f1os de concesi\u00f3n\u00bb y, en ese contexto, resalt\u00f3 que la empresa \u00abha incumplido serialmente con tarifas a favor de un buen servicio\u00bb .<\/p>\n\n\n\n<p>\u00abNosotros reclamamos que se le quite la concesi\u00f3n. No es una expropiaci\u00f3n, es por incumplimiento del contrato y por eso pedimos la rescisi\u00f3n\u00bb, agreg\u00f3<\/p>\n\n\n\n<p>El ombudsman explic\u00f3 que \u00abEdesur fue multado por la gesti\u00f3n del ENRE anterior por 500 millones de pesos y a\u00fan no la pagaron\u00bb y destac\u00f3 la necesitad de \u00ablas obras m\u00e1s que las multas\u00bb.<\/p>\n\n\n\n<p>Lorenzino asegur\u00f3 que \u00abhubo una transferencia de recursos a Edesur que no se ve en obras\u00bb y se\u00f1al\u00f3 que \u00abel Gobierno nacional y provincial est\u00e1n muy involucrados y han hablado con las autoridades de la empresa\u00bb.<\/p>\n\n\n\n<p>Adem\u00e1s, precis\u00f3 que los municipios de \u00abQuilmes, (Almirante) Brown, Lomas (de Zamora), (Esteban) Echeverr\u00eda, son los lugares m\u00e1s afectados por Edesur\u00bb y remarc\u00f3 que \u00aben La Matanza, el servicio lo presta Edenor y tampoco es bueno\u00bb.<\/p>\n\n\n\n<p>\u00abEn Avellaneda no hay ninguna de las obras comprometidas realizadas\u00bb, asever\u00f3 y agreg\u00f3 que\u00bb entre las multas y los incumplimientos va camino a la rescisi\u00f3n de los contratos de Edesur\u00bb.<\/p>\n\n\n\n<p>Por \u00faltimo, enfatiz\u00f3 que \u00abel incumplimiento de Edesur es in\u00e9dito, Edenor y Edelap no est\u00e1n en esos niveles\u00bb y concluy\u00f3 que \u00abel 75% de las quejas el\u00e9ctricas tiene que ver con Edesur, el 10% con Edelap y el 5% con Edenor\u00bb.<\/p>\n","protected":false},"excerpt":{"rendered":"<p>El Defensor del Pueblo de la Provincia de Buenos Aires, Guido Lorenzino, dijo que realiz\u00f3&#8230;<\/p>\n","protected":false},"author":1,"featured_media":59656,"comment_status":"open","ping_status":"open","sticky":false,"template":"","format":"standard","meta":{"footnotes":""},"categories":[28],"tags":[],"class_list":["post-6790","post","type-post","status-publish","format-standard","has-post-thumbnail","hentry","category-la-provincia"],"_links":{"self":[{"href":"https:\/\/conurbanodiario.com.ar\/index.php?rest_route=\/wp\/v2\/posts\/6790","targetHints":{"allow":["GET"]}}],"collection":[{"href":"https:\/\/conurbanodiario.com.ar\/index.php?rest_route=\/wp\/v2\/posts"}],"about":[{"href":"https:\/\/conurbanodiario.com.ar\/index.php?rest_route=\/wp\/v2\/types\/post"}],"author":[{"embeddable":true,"href":"https:\/\/conurbanodiario.com.ar\/index.php?rest_route=\/wp\/v2\/users\/1"}],"replies":[{"embeddable":true,"href":"https:\/\/conurbanodiario.com.ar\/index.php?rest_route=%2Fwp%2Fv2%2Fcomments&post=6790"}],"version-history":[{"count":1,"href":"https:\/\/conurbanodiario.com.ar\/index.php?rest_route=\/wp\/v2\/posts\/6790\/revisions"}],"predecessor-version":[{"id":6791,"href":"https:\/\/conurbanodiario.com.ar\/index.php?rest_route=\/wp\/v2\/posts\/6790\/revisions\/6791"}],"wp:featuredmedia":[{"embeddable":true,"href":"https:\/\/conurbanodiario.com.ar\/index.php?rest_route=\/wp\/v2\/media\/59656"}],"wp:attachment":[{"href":"https:\/\/conurbanodiario.com.ar\/index.php?rest_route=%2Fwp%2Fv2%2Fmedia&parent=6790"}],"wp:term":[{"taxonomy":"category","embeddable":true,"href":"https:\/\/conurbanodiario.com.ar\/index.php?rest_route=%2Fwp%2Fv2%2Fcategories&post=6790"},{"taxonomy":"post_tag","embeddable":true,"href":"https:\/\/conurbanodiario.com.ar\/index.php?rest_route=%2Fwp%2Fv2%2Ftags&post=6790"}],"curies":[{"name":"wp","href":"https:\/\/api.w.org\/{rel}","templated":true}]}}