{"id":6787,"date":"2020-07-28T03:06:00","date_gmt":"2020-07-28T06:06:00","guid":{"rendered":"http:\/\/conurbanodiario.com.ar\/?p=6787"},"modified":"2020-07-28T09:21:48","modified_gmt":"2020-07-28T12:21:48","slug":"los-docentes-ponen-en-duda-el-regreso-a-las-aulas-por-la-situacion-epidemiologica-y-las-obras","status":"publish","type":"post","link":"https:\/\/conurbanodiario.com.ar\/?p=6787","title":{"rendered":"LOS DOCENTES PONEN EN DUDA EL REGRESO A LAS AULAS POR LA SITUACI\u00d3N EPIDEMIOL\u00d3GICA Y LAS OBRAS"},"content":{"rendered":"\n<p>Los gremios docentes de todo el pa\u00eds plantearon dudas en los \u00faltimos d\u00edas sobre el regreso gradual a las clases presenciales en las provincias de Catamarca, Corrientes, Formosa, Misiones, San Juan, Santiago del Estero, Santa Fe, San Luis y Tucum\u00e1n, seg\u00fan declararon, por la variabilidad en la situaci\u00f3n epidemiol\u00f3gica y los trabajos de adecuaci\u00f3n de los espacios que deben realizarse.<\/p>\n\n\n\n<p>El secretario general del Sindicato \u00danico de Trabajadores de la Educaci\u00f3n Bonaerense (Suteba), Roberto Baradel, consider\u00f3 que \u00abno se puede volver a clases en el pico de la pandemia\u00bb.<\/p>\n\n\n\n<p>En Santiago del Estero, las clases presenciales para los alumnos de los \u00faltimos a\u00f1os comenzar\u00e1 el 18 de agosto, los docentes se reintegrar\u00e1n el 3 de agosto.<\/p>\n\n\n\n<p>Orlando Gorosito, titular del gremio AMET, se\u00f1al\u00f3 que \u00abse deben evaluar la infraestructura y la provisi\u00f3n de elementos de higiene\u00bb y Hugo Funes, de SADOP, sostuvo que \u00abse debe cuidar la salud ante todo\u00bb.<\/p>\n\n\n\n<p>Rodrigo Alonso, secretario general de la seccional la Capital de la Asociaci\u00f3n del Magisterio de Santa Fe (Amsafe) dijo que los trabajadores quieren \u00abdiscutir los protocolos en paritarias para acordar la vuelta a las clases\u00bb.<\/p>\n\n\n\n<p>El Gobierno de Santa Fe dispuso que la primera semana de agosto se utilice para limpieza edilicia. Las clases presenciales se retomar\u00e1n en escuelas rurales y en localidades peque\u00f1as.<\/p>\n\n\n\n<p>En Tucum\u00e1n, Luc\u00eda Varela, profesora en educaci\u00f3n especial dijo: \u00abEn nuestro caso es dificil el retorno a las aulas por las singularidad del alumnado, es dif\u00edcil el cumplimiento de los protocolos\u00bb, mientras Guadalupe Rearte, docente de 6to a\u00f1o, opin\u00f3 que \u00ablas clases deben volver en las escuelas donde est\u00e9n dadas las condiciones\u00bb.<\/p>\n\n\n\n<p>Tampoco en Corrientes \u00abest\u00e1n dadas las condiciones para reiniciar las clases en agosto\u00bb, seg\u00fan dijo el secretario General del Sindicato \u00danico de Trabajadores de la Educaci\u00f3n de Corrientes (SUTECO), Fernando Ram\u00edrez.<\/p>\n\n\n\n<p>Pero \u00ablos docentes tienen todas las intenciones de volver a las aulas\u00bb, aclar\u00f3 y agreg\u00f3 que \u00abhay lugares como clubes que se pueden adaptar\u00bb.<\/p>\n\n\n\n<p>De forma similar se expres\u00f3 el secretario general de la Asociaci\u00f3n de Trabajadores de la Educaci\u00f3n de Catamarca, Mario S\u00e1nchez:\u00bbVeo dif\u00edcil que en el mes de agosto puedan retornar las clases\u00bb. Autoridades de los Ministerios de Educaci\u00f3n y Salud mantuvieron el pasado jueves una reuni\u00f3n con los intendentes catamarque\u00f1os para coordinar acciones de reacondicionamiento de las escuelas.<\/p>\n\n\n\n<p>Distinto es el panorama en San Luis, ya que las clases presenciales podr\u00edan reiniciarse a fines de agosto o primeros d\u00edas de septiembre seg\u00fan lo anunci\u00f3 el gobernador de la provincia, Alberto Rodr\u00edguez Sa\u00e1, que hab\u00eda propuesto una modalidad mixta entre virtual y presencial, pero tuvo cr\u00edtica gremial ya que coartaron la posibilidad de que docentes pudieran cumplir con jornadas los s\u00e1bados.<\/p>\n\n\n\n<p>En San Juan, por su parte, los gremios de la educaci\u00f3n y el gobierno acordaron medidas para que los alumnos de los \u00faltimos a\u00f1os de la primaria y la secundaria vuelvan a clases el 10 de agosto en 14 departamentos de la provincia.<\/p>\n\n\n\n<p>Luis Lucero, secretario general de la Uni\u00f3n de Docentes Agremiados Provinciales (UDAP), considera que \u00abes un protocolo que abarca desde la convivencia hasta el transporte\u00bb, mientras que el secretario general de la Uni\u00f3n de Docentes Argentinos (UDA) provincial, Roberto Rosas, dijo: \u00abPensamos en un sistema en el que una semana concurrir\u00e1 a clases un grupo de alumnos y la semana siguiente, el otro\u00bb.<\/p>\n\n\n\n<p>La secretaria general de la Uni\u00f3n de Trabajadores por la Educaci\u00f3n de R\u00edo Negro (Unter), Sandra Schieroni, indic\u00f3 a que \u00abest\u00e1 prevista para septiembre la presencialidad de los estudiantes a los distintos establecimientos, solo si est\u00e1n los colegios en condiciones, si no, no\u00bb, advirti\u00f3.<\/p>\n\n\n\n<p>En tanto, el secretario general de la Asociaci\u00f3n de Trabajadores de la Educaci\u00f3n del Chubut (Atech), Santiago Goodman dijo: \u00abNuestro gremio est\u00e1 completando una semana de paro por atraso en los pagos de sueldo de mayo por lo que es imposible que se piense en un retorno a clases\u00bb.<\/p>\n\n\n\n<p>Adem\u00e1s, la directora de escuela Natalia C\u00e1ffaro, en tanto, asegur\u00f3 que \u00abhace por lo menos 7 meses que no se hace mantenimiento integral, nuestra escuela tiene goteras y problemas de calefacci\u00f3n\u00bb.<\/p>\n\n\n\n<p>En Neuqu\u00e9n, el Secretario General de la Asociaci\u00f3n Trabajadores de la Educaci\u00f3n (ATEN), Marcelo Guagliardo dijo: \u00abEl gobierno provincial no nos ha convocado para determinar las condiciones de la vuelta a clases. Pero primero tienen que poner las escuelas en condiciones\u00bb.<\/p>\n\n\n\n<p>Desde AMP (Asociaci\u00f3n de Maestros y Profesores) de La Rioja, su secretario general, Rogelio De Leonardi, inform\u00f3 que \u00abes imposible tener clases presenciales en ning\u00fan lugar de la provincia y deben estar garantizados los acuerdos paritarios\u00bb.<\/p>\n\n\n\n<p>En Entre R\u00edos, el docente M\u00e1ximo Deshayes pidi\u00f3 \u00abcontar con un plan de infraestructura escolar; la reapertura inmediata\u00bb del Plan Conectar Igualdad; y la \u00abrecomposici\u00f3n salarial\u00bb.<\/p>\n\n\n\n<p>Marcelo Pagani, de la Asociaci\u00f3n Gremial del Magisterio de Entre R\u00edos (Agmer) pidi\u00f3 volver a las clases \u00abcon garant\u00eda sanitaria, redefinici\u00f3n institucional y curricular\u00bb. Su hom\u00f3logo de la Asociaci\u00f3n del Magisterio de Ense\u00f1anza T\u00e9cnica (AMET) Entre R\u00edos, Andr\u00e9s Bessel, remarc\u00f3 que \u00abhay escuelas sin agua, sin elementos de limpieza y las aulas no est\u00e1n preparadas para el distanciamiento\u00bb.<\/p>\n\n\n\n<p>Por \u00faltimo, el director general de escuelas de Mendoza (DGE) Jos\u00e9 Thomas se\u00f1al\u00f3 que \u00ablas clases volver\u00e1n el lunes 27 como se estaban dictando antes del receso invernal\u00bb y estim\u00f3 que \u00abno se producir\u00e1 antes de septiembre\u00bb la vuelta a la presencialidad.<\/p>\n","protected":false},"excerpt":{"rendered":"<p>Los gremios docentes de todo el pa\u00eds plantearon dudas en los \u00faltimos d\u00edas sobre el&#8230;<\/p>\n","protected":false},"author":1,"featured_media":59656,"comment_status":"open","ping_status":"open","sticky":false,"template":"","format":"standard","meta":{"footnotes":""},"categories":[5],"tags":[],"class_list":["post-6787","post","type-post","status-publish","format-standard","has-post-thumbnail","hentry","category-el-pais"],"_links":{"self":[{"href":"https:\/\/conurbanodiario.com.ar\/index.php?rest_route=\/wp\/v2\/posts\/6787","targetHints":{"allow":["GET"]}}],"collection":[{"href":"https:\/\/conurbanodiario.com.ar\/index.php?rest_route=\/wp\/v2\/posts"}],"about":[{"href":"https:\/\/conurbanodiario.com.ar\/index.php?rest_route=\/wp\/v2\/types\/post"}],"author":[{"embeddable":true,"href":"https:\/\/conurbanodiario.com.ar\/index.php?rest_route=\/wp\/v2\/users\/1"}],"replies":[{"embeddable":true,"href":"https:\/\/conurbanodiario.com.ar\/index.php?rest_route=%2Fwp%2Fv2%2Fcomments&post=6787"}],"version-history":[{"count":1,"href":"https:\/\/conurbanodiario.com.ar\/index.php?rest_route=\/wp\/v2\/posts\/6787\/revisions"}],"predecessor-version":[{"id":6789,"href":"https:\/\/conurbanodiario.com.ar\/index.php?rest_route=\/wp\/v2\/posts\/6787\/revisions\/6789"}],"wp:featuredmedia":[{"embeddable":true,"href":"https:\/\/conurbanodiario.com.ar\/index.php?rest_route=\/wp\/v2\/media\/59656"}],"wp:attachment":[{"href":"https:\/\/conurbanodiario.com.ar\/index.php?rest_route=%2Fwp%2Fv2%2Fmedia&parent=6787"}],"wp:term":[{"taxonomy":"category","embeddable":true,"href":"https:\/\/conurbanodiario.com.ar\/index.php?rest_route=%2Fwp%2Fv2%2Fcategories&post=6787"},{"taxonomy":"post_tag","embeddable":true,"href":"https:\/\/conurbanodiario.com.ar\/index.php?rest_route=%2Fwp%2Fv2%2Ftags&post=6787"}],"curies":[{"name":"wp","href":"https:\/\/api.w.org\/{rel}","templated":true}]}}