{"id":6783,"date":"2020-07-28T03:00:00","date_gmt":"2020-07-28T06:00:00","guid":{"rendered":"http:\/\/conurbanodiario.com.ar\/?p=6783"},"modified":"2020-07-29T12:37:26","modified_gmt":"2020-07-29T15:37:26","slug":"watson-aislado-al-dar-positivo-de-covid-19-uno-de-sus-colaboradores","status":"publish","type":"post","link":"https:\/\/conurbanodiario.com.ar\/?p=6783","title":{"rendered":"WATSON AISLADO, AL DAR POSITIVO DE COVID- 19 UNO DE SUS COLABORADORES"},"content":{"rendered":"\n<p>El intendente municipal de Florencio Varela, doctor Andr\u00e9s Watson inici\u00f3 el s\u00e1bado \u00faltimo un aislamiento preventivo, debido a ser contacto estrecho de un caso confirmado de Covid-19. Se trata del secretario de Gobierno, Christian Rodr\u00edguez, quien obtuvo ayer por la tarde la positividad en el hisopado que se le realiz\u00f3, tras presentar s\u00edntomas, desde la ma\u00f1ana del mismo s\u00e1bado.<\/p>\n\n\n\n<p>Cabe destacar que, de todas maneras, el Jefe Comunal contin\u00faa en el ejercicio de sus funciones, aunque de manera remota.<\/p>\n\n\n\n<p>Lo propio lleva adelante Rodr\u00edguez, aunque someti\u00e9ndose al control m\u00e9dico de rigor, hasta recuperarse de la enfermedad.<\/p>\n","protected":false},"excerpt":{"rendered":"<p>El intendente municipal de Florencio Varela, doctor Andr\u00e9s Watson inici\u00f3 el s\u00e1bado \u00faltimo un aislamiento&#8230;<\/p>\n","protected":false},"author":1,"featured_media":59656,"comment_status":"open","ping_status":"open","sticky":false,"template":"","format":"standard","meta":{"footnotes":""},"categories":[35,31],"tags":[],"class_list":["post-6783","post","type-post","status-publish","format-standard","has-post-thumbnail","hentry","category-politica","category-salud"],"_links":{"self":[{"href":"https:\/\/conurbanodiario.com.ar\/index.php?rest_route=\/wp\/v2\/posts\/6783","targetHints":{"allow":["GET"]}}],"collection":[{"href":"https:\/\/conurbanodiario.com.ar\/index.php?rest_route=\/wp\/v2\/posts"}],"about":[{"href":"https:\/\/conurbanodiario.com.ar\/index.php?rest_route=\/wp\/v2\/types\/post"}],"author":[{"embeddable":true,"href":"https:\/\/conurbanodiario.com.ar\/index.php?rest_route=\/wp\/v2\/users\/1"}],"replies":[{"embeddable":true,"href":"https:\/\/conurbanodiario.com.ar\/index.php?rest_route=%2Fwp%2Fv2%2Fcomments&post=6783"}],"version-history":[{"count":1,"href":"https:\/\/conurbanodiario.com.ar\/index.php?rest_route=\/wp\/v2\/posts\/6783\/revisions"}],"predecessor-version":[{"id":6784,"href":"https:\/\/conurbanodiario.com.ar\/index.php?rest_route=\/wp\/v2\/posts\/6783\/revisions\/6784"}],"wp:featuredmedia":[{"embeddable":true,"href":"https:\/\/conurbanodiario.com.ar\/index.php?rest_route=\/wp\/v2\/media\/59656"}],"wp:attachment":[{"href":"https:\/\/conurbanodiario.com.ar\/index.php?rest_route=%2Fwp%2Fv2%2Fmedia&parent=6783"}],"wp:term":[{"taxonomy":"category","embeddable":true,"href":"https:\/\/conurbanodiario.com.ar\/index.php?rest_route=%2Fwp%2Fv2%2Fcategories&post=6783"},{"taxonomy":"post_tag","embeddable":true,"href":"https:\/\/conurbanodiario.com.ar\/index.php?rest_route=%2Fwp%2Fv2%2Ftags&post=6783"}],"curies":[{"name":"wp","href":"https:\/\/api.w.org\/{rel}","templated":true}]}}